{"id":33794,"date":"2022-10-25T14:27:00","date_gmt":"2022-10-25T17:27:00","guid":{"rendered":"https:\/\/www.radiopresidenteibanez.cl\/web\/?p=33794"},"modified":"2022-10-25T22:26:56","modified_gmt":"2022-10-26T01:26:56","slug":"28-y-29-de-octubre-se-realizara-colecta-nacional","status":"publish","type":"post","link":"https:\/\/www.radiopresidenteibanez.cl\/web\/28-y-29-de-octubre-se-realizara-colecta-nacional\/","title":{"rendered":"28 y 29 DE OCTUBRE SE REALIZARA COLECTA NACIONAL"},"content":{"rendered":"\n<p>En los estudios \u00a0de nuestra radio, estuvieron la Asistente social del Obispado de Magallanes Sra. Ana Isabel Iturra. Acompa\u00f1ada de Sra. Alicia Paredes, Voluntarias de CARITAS CHILE. Su visita ,obedece a \u00a0pr\u00f3xima colecta nivel nacional, Recordemos que por acontecimientos de los \u00faltimos tres a\u00f1os, no pudo realizarse. Esta recaudaci\u00f3n de fondos, se realizar\u00e1 los d\u00edas 28 y 29 de Octubre. En conversaci\u00f3n se dio a conocer, las diferentes actividades ,que realiza el voluntariado dentro de la regi\u00f3n. Principalmente destaca, entrega de canastas familiares a familias de escasos recursos y adultos mayores ,que no cuentan con una dieta b\u00e1sica de alimentaci\u00f3n, como tampoco una red de apoyo. Lo mismo ocurre en festividades de fin de a\u00f1o a diferentes familias. Esta ayuda se canaliza ,a trav\u00e9s de las parroquias de la regi\u00f3n. Se hace notar, que por transparencia en los mont\u00f3n recaudados, todo ingresa a un fondo com\u00fan nacional. Despu\u00e9s se reasignan los mismos, a cada ciudad, para ser invertidos en ayuda comunitaria. Esto junto a las donaciones de diferentes empresas \u00a0de la regi\u00f3n, conforman un todo para acud\u00edr en auxilio de los m\u00e1s necesitados .<\/p>\n","protected":false},"excerpt":{"rendered":"<p>En los estudios \u00a0de nuestra radio, estuvieron la Asistente social del Obispado de Magallanes Sra. Ana Isabel Iturra. Acompa\u00f1ada de Sra. Alicia Paredes, Voluntarias de CARITAS CHILE. Su visita ,obedece&#8230; <a class=\"read-more\" href=\"https:\/\/www.radiopresidenteibanez.cl\/web\/28-y-29-de-octubre-se-realizara-colecta-nacional\/\">Leer m\u00e1s<\/a><\/p>\n","protected":false},"author":2,"featured_media":33795,"comment_status":"closed","ping_status":"closed","sticky":false,"template":"","format":"standard","meta":{"footnotes":""},"categories":[1],"tags":[],"class_list":["post-33794","post","type-post","status-publish","format-standard","has-post-thumbnail","hentry","category-cronica"],"_links":{"self":[{"href":"https:\/\/www.radiopresidenteibanez.cl\/web\/wp-json\/wp\/v2\/posts\/33794","targetHints":{"allow":["GET"]}}],"collection":[{"href":"https:\/\/www.radiopresidenteibanez.cl\/web\/wp-json\/wp\/v2\/posts"}],"about":[{"href":"https:\/\/www.radiopresidenteibanez.cl\/web\/wp-json\/wp\/v2\/types\/post"}],"author":[{"embeddable":true,"href":"https:\/\/www.radiopresidenteibanez.cl\/web\/wp-json\/wp\/v2\/users\/2"}],"replies":[{"embeddable":true,"href":"https:\/\/www.radiopresidenteibanez.cl\/web\/wp-json\/wp\/v2\/comments?post=33794"}],"version-history":[{"count":0,"href":"https:\/\/www.radiopresidenteibanez.cl\/web\/wp-json\/wp\/v2\/posts\/33794\/revisions"}],"wp:featuredmedia":[{"embeddable":true,"href":"https:\/\/www.radiopresidenteibanez.cl\/web\/wp-json\/wp\/v2\/media\/33795"}],"wp:attachment":[{"href":"https:\/\/www.radiopresidenteibanez.cl\/web\/wp-json\/wp\/v2\/media?parent=33794"}],"wp:term":[{"taxonomy":"category","embeddable":true,"href":"https:\/\/www.radiopresidenteibanez.cl\/web\/wp-json\/wp\/v2\/categories?post=33794"},{"taxonomy":"post_tag","embeddable":true,"href":"https:\/\/www.radiopresidenteibanez.cl\/web\/wp-json\/wp\/v2\/tags?post=33794"}],"curies":[{"name":"wp","href":"https:\/\/api.w.org\/{rel}","templated":true}]}}