{"id":33781,"date":"2022-10-26T08:20:00","date_gmt":"2022-10-26T11:20:00","guid":{"rendered":"https:\/\/www.radiopresidenteibanez.cl\/web\/?p=33781"},"modified":"2022-10-25T22:03:35","modified_gmt":"2022-10-26T01:03:35","slug":"a-traves-del-arte-ninos-jovenes-y-adultos-relevaron-la-importancia-de-la-lactancia-materna","status":"publish","type":"post","link":"https:\/\/www.radiopresidenteibanez.cl\/web\/a-traves-del-arte-ninos-jovenes-y-adultos-relevaron-la-importancia-de-la-lactancia-materna\/","title":{"rendered":"A TRAVES DEL ARTE, NI\u00d1OS, JOVENES Y ADULTOS RELEVARON LA IMPORTANCIA DE LA LACTANCIA MATERNA"},"content":{"rendered":"\n<p>Con una emotiva ceremonia se realiz\u00f3 la premiaci\u00f3n del Concurso Regional de Dibujo y Pintura en Lactancia Materna 2022, que estuvo dirigido a toda la comunidad magall\u00e1nica con el objetivo de incentivar en la poblaci\u00f3n el fomento y protecci\u00f3n de la lactancia materna y la creaci\u00f3n de entornos amigables, que llamen al respeto y al apoyo para que madres \u2013 hijos, padres y familias, mantengan y prolonguen esta natural forma de alimentaci\u00f3n, hasta que voluntariamente decidan finalizarla.<\/p>\n\n\n\n<p>Se trat\u00f3 de una iniciativa impulsada por el <a>Comit\u00e9 Local de Lactancia Materna del Hospital Cl\u00ednico Magallanes, en conjunto con el Comit\u00e9 Regional de Lactancia Materna (CORELMA) de la SEREMI de Salud<\/a>, que tuvo destacada participaci\u00f3n de la comunidad, quienes enviaron sus dibujos y pinturas, adem\u00e1s de incluir en muchos casos relatos de vivencias personales sobre la lactancia materna para fomentarla y destacar su importancia. En la actividad particip\u00f3 la Agrupaci\u00f3n Cangumamitas, con una presentaci\u00f3n de baile y porteo, y el pianista regional, Carlos Grace Hein, quien interpret\u00f3 varias piezas musicales.<\/p>\n\n\n\n<p>\u201c<em>Impulsemos la Lactancia Materna, Apoyando y Educando<\/em>\u201d fue el Lema Internacional de este a\u00f1o, que invitaba &#8211; una vez m\u00e1s &#8211; a fomentar la lactancia materna desde un enfoque social y cultural, llevando la lactancia m\u00e1s all\u00e1 del cuidado \u00fanico materno, hacia un bien com\u00fan en el cual la sociedad es tan responsable como la familia, considerando que se espera como meta sanitaria que al menos el 60% de los infantes reciban esta alimentaci\u00f3n exclusiva hasta los 6 meses de vida. En la regi\u00f3n a junio de este a\u00f1o, la cobertura alcanzada en el sistema p\u00fablico es de un 43,45%, la m\u00e1s baja del pa\u00eds.<strong>&nbsp;<\/strong><\/p>\n\n\n\n<p>La coordinadora del Comit\u00e9 Regional, Mar\u00eda Isabel Velich Uribe, explic\u00f3 que \u201cdespu\u00e9s de m\u00e1s de dos a\u00f1os y medio de pandemia, logramos convocar a muchas personas que participan activamente en la promoci\u00f3n de la lactancia materna, que constituyen la Comisi\u00f3n Regional y los Comit\u00e9s Locales. Esta vez quisimos presentar un concurso de dibujo y pintura, como se hace todos los a\u00f1os con diversas actividades, para que las personas a trav\u00e9s del arte&nbsp; representen a la lactancia materna, al cuidado y a la protecci\u00f3n de la misma con la familia y la comunidad como tambi\u00e9n sus historias personales. Vivimos con el jurado muchos relatos hermosos. Algunos muy bellos, otros tambi\u00e9n tristes. Nos qued\u00f3 el sentido principal de la emoci\u00f3n, la esperanza y el amor como perecedero, para lograr que definitivamente la lactancia materna sea el alimento m\u00e1s saludable para la primera infancia. Sea reconocido por la ciudadan\u00eda y la sociedad, y se abran todos los espacios necesarios para proteger a aquella mujer que quiere mantener su lactancia hasta el sexto mes y prolongarla hasta los dos a\u00f1os o m\u00e1s, de acuerdo a lo que quiera su hijo o hija\u201d.<\/p>\n\n\n\n<p>La encargada del Comit\u00e9 Local de Lactancia del H.C.M., matrona Erika Porras, manifest\u00f3 que \u201cestas iniciativas son super importantes porque generan de una manera diferente una concientizaci\u00f3n en la comunidad en cuanto a la lactancia materna. Buscamos generar conciencia en la poblaci\u00f3n que no solo la madre y el ni\u00f1o son participantes principales dentro de la lactancia materna, sino que toda la comunidad en general tiene un papel fundamental. Nosotros sabemos que sin el apoyo de la familia, una madre no puede amamantar efectivamente y manejar todo lo relativo al hogar. Sabemos que si en el trabajo, no se generan espacios que apoyen la lactancia materna, una madre no podr\u00e1 prolongar su lactancia materna\u201d.&nbsp;<\/p>\n\n\n\n<p>Una de las ganadoras, Moira Aic\u00f3n Gonz\u00e1lez, expres\u00f3 que \u201cdecid\u00ed participar porque me siento muy orgullosa de ser mujer. Me gusta mi rol de mujer, tal vez entendido a la antigua, entendiendo que mi cuerpo sirve para dar vida y amor. Soy orgullosa madre de dos hijos y aproveche esta instancia de dar de mamar, y estoy convencida que dar de mamar es dar salud, es dar salud nutricional, salud mental y emocional\u201d.<\/p>\n\n\n\n<p>Los trabajos ganadores fueron seleccionados por el jurado formado por el Artista Mauricio Valencia, el Dise\u00f1ador Javier Alvear, el Psic\u00f3logo Diego B\u00f3rquez y Audiovisualista Carolina Llanza.<\/p>\n","protected":false},"excerpt":{"rendered":"<p>Con una emotiva ceremonia se realiz\u00f3 la premiaci\u00f3n del Concurso Regional de Dibujo y Pintura en Lactancia Materna 2022, que estuvo dirigido a toda la comunidad magall\u00e1nica con el objetivo&#8230; <a class=\"read-more\" href=\"https:\/\/www.radiopresidenteibanez.cl\/web\/a-traves-del-arte-ninos-jovenes-y-adultos-relevaron-la-importancia-de-la-lactancia-materna\/\">Leer m\u00e1s<\/a><\/p>\n","protected":false},"author":2,"featured_media":33782,"comment_status":"closed","ping_status":"closed","sticky":false,"template":"","format":"standard","meta":{"footnotes":""},"categories":[1],"tags":[],"class_list":["post-33781","post","type-post","status-publish","format-standard","has-post-thumbnail","hentry","category-cronica"],"_links":{"self":[{"href":"https:\/\/www.radiopresidenteibanez.cl\/web\/wp-json\/wp\/v2\/posts\/33781","targetHints":{"allow":["GET"]}}],"collection":[{"href":"https:\/\/www.radiopresidenteibanez.cl\/web\/wp-json\/wp\/v2\/posts"}],"about":[{"href":"https:\/\/www.radiopresidenteibanez.cl\/web\/wp-json\/wp\/v2\/types\/post"}],"author":[{"embeddable":true,"href":"https:\/\/www.radiopresidenteibanez.cl\/web\/wp-json\/wp\/v2\/users\/2"}],"replies":[{"embeddable":true,"href":"https:\/\/www.radiopresidenteibanez.cl\/web\/wp-json\/wp\/v2\/comments?post=33781"}],"version-history":[{"count":0,"href":"https:\/\/www.radiopresidenteibanez.cl\/web\/wp-json\/wp\/v2\/posts\/33781\/revisions"}],"wp:featuredmedia":[{"embeddable":true,"href":"https:\/\/www.radiopresidenteibanez.cl\/web\/wp-json\/wp\/v2\/media\/33782"}],"wp:attachment":[{"href":"https:\/\/www.radiopresidenteibanez.cl\/web\/wp-json\/wp\/v2\/media?parent=33781"}],"wp:term":[{"taxonomy":"category","embeddable":true,"href":"https:\/\/www.radiopresidenteibanez.cl\/web\/wp-json\/wp\/v2\/categories?post=33781"},{"taxonomy":"post_tag","embeddable":true,"href":"https:\/\/www.radiopresidenteibanez.cl\/web\/wp-json\/wp\/v2\/tags?post=33781"}],"curies":[{"name":"wp","href":"https:\/\/api.w.org\/{rel}","templated":true}]}}