{"id":33757,"date":"2022-10-25T15:14:00","date_gmt":"2022-10-25T18:14:00","guid":{"rendered":"https:\/\/www.radiopresidenteibanez.cl\/web\/?p=33757"},"modified":"2022-10-24T21:58:08","modified_gmt":"2022-10-25T00:58:08","slug":"municipio-de-punta-arenas-dono-material-didactico-a-jardin-infantil-archipielago-de-chiloe","status":"publish","type":"post","link":"https:\/\/www.radiopresidenteibanez.cl\/web\/municipio-de-punta-arenas-dono-material-didactico-a-jardin-infantil-archipielago-de-chiloe\/","title":{"rendered":"Municipio de Punta Arenas don\u00f3 material did\u00e1ctico a Jard\u00edn Infantil Archipi\u00e9lago de Chilo\u00e9"},"content":{"rendered":"\n<p>85 set did\u00e1cticos para el aprendizaje de los m\u00e1s peque\u00f1os don\u00f3 el Municipio de Punta Arenas al Jard\u00edn Infantil Archipi\u00e9lago de Chilo\u00e9, dependiente de la Corporaci\u00f3n Municipal, actividad que permitir\u00e1 el desarrollo psicomotor de 79 ni\u00f1as y ni\u00f1os de entre 3 meses hasta los 4 a\u00f1os de edad.<br>\u201cA pesar de todos los problemas que puede tener la Corporaci\u00f3n, nunca nos perdemos que nuestro objetivo son los ni\u00f1os, por tanto hacemos triple esfuerzo para que puedan tener m\u00e1s beneficios. En este caso, son donaciones de elementos did\u00e1cticos. Estamos convencidos que mientras m\u00e1s chicos son nuestros vecinitos, requieren mayor desarrollo f\u00edsico, intelectual y tambi\u00e9n afectivo\u201d, afirm\u00f3 el alcalde de Punta Arenas, Claudio Radonich.<br>Por su parte, la directora del Jard\u00edn Archipi\u00e9lago de Chilo\u00e9, Victoria \u00c1lvarez, destac\u00f3 el aporte que ser\u00e1 de gran utilidad para el establecimiento. \u201cAc\u00e1 tenemos dos tipos de implementos, que son los piano u \u00f3rganos, que ayuda netamente con el tema musical, con toda el \u00e1rea art\u00edstica que ellos tienen para desarrollar, para aprender a hacer diferentes sonidos, los tipos de melod\u00edas. Adem\u00e1s, tenemos masitas para que ellos puedan construir, eso les ayuda con la motricidad fina, donde ellos tocan, el tacto, el olor, pueden construir diferentes cosas, adem\u00e1s traen muchos moldes, lo que tambi\u00e9n ayuda a que los ni\u00f1os puedan crear otras cosas\u201d, se\u00f1al\u00f3.<br>Finalmente, Gisella Bahamondez, educadora de p\u00e1rvulos del jard\u00edn, indic\u00f3 que \u201ceste material es de mucha ayuda, nos va a servir mucho no solo en el \u00e1mbito de la motricidad, sino tambi\u00e9n en el \u00e1mbito de la creatividad, la imaginaci\u00f3n. Es un material que a ellos les encanta, as\u00ed que estamos s\u00faper agradecidos de todo esto que nos ha llegado\u201d.<br>Los ni\u00f1os y ni\u00f1as, principales beneficiados, tambi\u00e9n hicieron notar su alegr\u00eda por los implementos recibidos.&nbsp;<\/p>\n","protected":false},"excerpt":{"rendered":"<p>85 set did\u00e1cticos para el aprendizaje de los m\u00e1s peque\u00f1os don\u00f3 el Municipio de Punta Arenas al Jard\u00edn Infantil Archipi\u00e9lago de Chilo\u00e9, dependiente de la Corporaci\u00f3n Municipal, actividad que permitir\u00e1&#8230; <a class=\"read-more\" href=\"https:\/\/www.radiopresidenteibanez.cl\/web\/municipio-de-punta-arenas-dono-material-didactico-a-jardin-infantil-archipielago-de-chiloe\/\">Leer m\u00e1s<\/a><\/p>\n","protected":false},"author":2,"featured_media":33758,"comment_status":"closed","ping_status":"closed","sticky":false,"template":"","format":"standard","meta":{"footnotes":""},"categories":[1],"tags":[],"class_list":["post-33757","post","type-post","status-publish","format-standard","has-post-thumbnail","hentry","category-cronica"],"_links":{"self":[{"href":"https:\/\/www.radiopresidenteibanez.cl\/web\/wp-json\/wp\/v2\/posts\/33757","targetHints":{"allow":["GET"]}}],"collection":[{"href":"https:\/\/www.radiopresidenteibanez.cl\/web\/wp-json\/wp\/v2\/posts"}],"about":[{"href":"https:\/\/www.radiopresidenteibanez.cl\/web\/wp-json\/wp\/v2\/types\/post"}],"author":[{"embeddable":true,"href":"https:\/\/www.radiopresidenteibanez.cl\/web\/wp-json\/wp\/v2\/users\/2"}],"replies":[{"embeddable":true,"href":"https:\/\/www.radiopresidenteibanez.cl\/web\/wp-json\/wp\/v2\/comments?post=33757"}],"version-history":[{"count":0,"href":"https:\/\/www.radiopresidenteibanez.cl\/web\/wp-json\/wp\/v2\/posts\/33757\/revisions"}],"wp:featuredmedia":[{"embeddable":true,"href":"https:\/\/www.radiopresidenteibanez.cl\/web\/wp-json\/wp\/v2\/media\/33758"}],"wp:attachment":[{"href":"https:\/\/www.radiopresidenteibanez.cl\/web\/wp-json\/wp\/v2\/media?parent=33757"}],"wp:term":[{"taxonomy":"category","embeddable":true,"href":"https:\/\/www.radiopresidenteibanez.cl\/web\/wp-json\/wp\/v2\/categories?post=33757"},{"taxonomy":"post_tag","embeddable":true,"href":"https:\/\/www.radiopresidenteibanez.cl\/web\/wp-json\/wp\/v2\/tags?post=33757"}],"curies":[{"name":"wp","href":"https:\/\/api.w.org\/{rel}","templated":true}]}}