{"id":33751,"date":"2022-10-25T12:23:00","date_gmt":"2022-10-25T15:23:00","guid":{"rendered":"https:\/\/www.radiopresidenteibanez.cl\/web\/?p=33751"},"modified":"2022-10-24T21:48:54","modified_gmt":"2022-10-25T00:48:54","slug":"seremi-minvu-anuncio-la-incorporacion-de-villa-tehuelches-al-programa-para-pequenas-localidades","status":"publish","type":"post","link":"https:\/\/www.radiopresidenteibanez.cl\/web\/seremi-minvu-anuncio-la-incorporacion-de-villa-tehuelches-al-programa-para-pequenas-localidades\/","title":{"rendered":"<strong>Seremi MINVU anunci\u00f3 la incorporaci\u00f3n de Villa Tehuelches al Programa para Peque\u00f1as Localidades<\/strong>"},"content":{"rendered":"\n<p>El Llamado del Programa para Peque\u00f1as Localidades, recibi\u00f3 tres propuestas admisibles por parte de las Municipalidades de Laguna Blanca, Torres del Paine y Natales, obteniendo el mayor puntaje la primera de ellas, espec\u00edficamente para su aplicaci\u00f3n en Villa Tehuelches. Dicho programa, privilegia territorios ubicados en comunas con menos de 20 mil habitantes, que cuentan con menor acceso a bienes p\u00fablicos y caracter\u00edsticas productivas e identidad que se vean favorecidas en su desarrollo, mediante la intervenci\u00f3n.<\/p>\n\n\n\n<p>El Seremi Marco Uribe, anunci\u00f3 que en las pr\u00f3ximas semanas espera reunirse con el Alcalde Fernando Ojeda Gonz\u00e1lez, as\u00ed como exponer las etapas del programa ante el concejo municipal y la comunidad, informando las caracter\u00edsticas del proceso de intervenci\u00f3n, que cuenta con un fuerte componente de participaci\u00f3n ciudadana.<\/p>\n\n\n\n<p>La comisi\u00f3n conformada para la elecci\u00f3n de la localidad, fue presidida por el Seremi de Vivienda y Urbanismo, Marco Uribe Saldivia e integrada por el Jefe de la Divisi\u00f3n de Infraestructura y Transportes del Gobierno Regional, Ricardo Foretich Oyaz\u00fan; la Seremi de Econom\u00eda, Fomento y Turismo, Ruth Saieh Latrach; el Director Regional de Arquitectura del MOP, Jorge Cort\u00e9s Pereira; el profesional de la Unidad Regional de la Subsecretar\u00eda de Desarrollo Regional y Administrativo H\u00e9ctor Miranda Vera y el encargado del programa para Peque\u00f1as Localidades de la Seremi de Vivienda y Urbanismo, Hern\u00e1n L\u00f3pez Mu\u00f1oz.<\/p>\n","protected":false},"excerpt":{"rendered":"<p>El Llamado del Programa para Peque\u00f1as Localidades, recibi\u00f3 tres propuestas admisibles por parte de las Municipalidades de Laguna Blanca, Torres del Paine y Natales, obteniendo el mayor puntaje la primera&#8230; <a class=\"read-more\" href=\"https:\/\/www.radiopresidenteibanez.cl\/web\/seremi-minvu-anuncio-la-incorporacion-de-villa-tehuelches-al-programa-para-pequenas-localidades\/\">Leer m\u00e1s<\/a><\/p>\n","protected":false},"author":2,"featured_media":33752,"comment_status":"closed","ping_status":"closed","sticky":false,"template":"","format":"standard","meta":{"footnotes":""},"categories":[1],"tags":[],"class_list":["post-33751","post","type-post","status-publish","format-standard","has-post-thumbnail","hentry","category-cronica"],"_links":{"self":[{"href":"https:\/\/www.radiopresidenteibanez.cl\/web\/wp-json\/wp\/v2\/posts\/33751","targetHints":{"allow":["GET"]}}],"collection":[{"href":"https:\/\/www.radiopresidenteibanez.cl\/web\/wp-json\/wp\/v2\/posts"}],"about":[{"href":"https:\/\/www.radiopresidenteibanez.cl\/web\/wp-json\/wp\/v2\/types\/post"}],"author":[{"embeddable":true,"href":"https:\/\/www.radiopresidenteibanez.cl\/web\/wp-json\/wp\/v2\/users\/2"}],"replies":[{"embeddable":true,"href":"https:\/\/www.radiopresidenteibanez.cl\/web\/wp-json\/wp\/v2\/comments?post=33751"}],"version-history":[{"count":0,"href":"https:\/\/www.radiopresidenteibanez.cl\/web\/wp-json\/wp\/v2\/posts\/33751\/revisions"}],"wp:featuredmedia":[{"embeddable":true,"href":"https:\/\/www.radiopresidenteibanez.cl\/web\/wp-json\/wp\/v2\/media\/33752"}],"wp:attachment":[{"href":"https:\/\/www.radiopresidenteibanez.cl\/web\/wp-json\/wp\/v2\/media?parent=33751"}],"wp:term":[{"taxonomy":"category","embeddable":true,"href":"https:\/\/www.radiopresidenteibanez.cl\/web\/wp-json\/wp\/v2\/categories?post=33751"},{"taxonomy":"post_tag","embeddable":true,"href":"https:\/\/www.radiopresidenteibanez.cl\/web\/wp-json\/wp\/v2\/tags?post=33751"}],"curies":[{"name":"wp","href":"https:\/\/api.w.org\/{rel}","templated":true}]}}