{"id":3375,"date":"2019-04-14T21:15:19","date_gmt":"2019-04-14T21:15:19","guid":{"rendered":"http:\/\/www.radiopresidenteibanez.cl\/web\/?p=3375"},"modified":"2019-04-14T21:25:00","modified_gmt":"2019-04-14T21:25:00","slug":"390-millones-de-pesos-en-obras-de-ernc-para-escuelas-y-postas-rurales-recepciona-energia-magallanes","status":"publish","type":"post","link":"https:\/\/www.radiopresidenteibanez.cl\/web\/390-millones-de-pesos-en-obras-de-ernc-para-escuelas-y-postas-rurales-recepciona-energia-magallanes\/","title":{"rendered":"390 MILLONES DE PESOS EN OBRAS DE ERNC PARA ESCUELAS Y POSTAS RURALES RECEPCIONA ENERG\u00cdA MAGALLANES"},"content":{"rendered":"\n<p>Esta semana, el Seremi de Energ\u00eda de Magallanes, Nolberto S\u00e1ez, viaj\u00f3 junto a sus profesionales para la recepci\u00f3n definitiva de las obras proyectadas en base a Energ\u00edas Renovables No Convencionales (ERNC) y cuya inversi\u00f3n alcanz\u00f3 los $390 millones de pesos. En dos de las cuatro comunas favorecidas -Torres del Payne y Natales-, ya est\u00e1n en marcha los sistemas h\u00edbridos.<\/p>\n\n\n\n<p>La iniciativa impulsada en conjunto por el Gobierno Regional de Magallanes y Ant\u00e1rtica Chilena y la Subsecretar\u00eda de Energ\u00eda, ten\u00eda como objetivo central dotar de suministro el\u00e9ctrico seguro y continuo mediante fuentes de energ\u00edas renovables no convencionales (ERNC), a escuelas y postas rurales que actualmente por su lejan\u00eda y factibilidad t\u00e9cnica y econ\u00f3mica no es posible su interconexi\u00f3n a la red el\u00e9ctrica m\u00e1s cercana.<\/p>\n\n\n\n<p>\u201cEstos proyectos que estamos viendo materializados, van en la l\u00ednea de la reducci\u00f3n de la vulnerabilidad energ\u00e9tica que todav\u00eda tenemos en el pa\u00eds y especialmente en zonas extremas como lo es nuestra Regi\u00f3n de Magallanes\u201d, plante\u00f3 el Seremi Nolberto S\u00e1ez.<\/p>\n\n\n\n<p>\u201cLa Ruta Energ\u00e9tica que hemos trazado en el Gobierno del Presidente Sebasti\u00e1n Pi\u00f1era, nos ha encomendado, por un lado, dotar de suministro el\u00e9ctrico a quienes no lo tienen y, por otro, hacerlo mediante energ\u00edas sostenibles\u201d, dijo el titular regional de Energ\u00eda y agreg\u00f3: \u201ctodo esto apuntando a la descarbonizaci\u00f3n y la diversificaci\u00f3n de la matriz energ\u00e9tica nacional, lo cual es vital para la disminuci\u00f3n de emisiones contaminantes y los efectos del cambio clim\u00e1tico\u201d.<\/p>\n\n\n\n<p>Asimismo, S\u00e1ez explic\u00f3 que para el pa\u00eds alcanzar estos objetivos son de alta importancia si se quiere cumplir con uno de los Mega Compromisos de nuestra cartera: energ\u00eda baja en emisiones.<\/p>\n\n\n\n<p>En este contexto, el Seremi S\u00e1ez aprovech\u00f3 de resaltar el liderazgo internacional de la Ministra Susana Jim\u00e9nez, quien asumi\u00f3 la co-presidencia de la Asamblea de Alto Nivel del Carbon Pricing Leadership Coalition (CPLC), cargo que ocupar\u00e1 por dos a\u00f1os en reemplazo de la ministra de Medio Ambiente de Canad\u00e1, Katherine Mackenna.<\/p>\n\n\n\n<p><strong>INVERSI\u00d3N PARA LA SOSTENIBILIDAD<\/strong><\/p>\n\n\n\n<p>En este contexto la autoridad regional de Energ\u00eda se reuni\u00f3 con profesionales de la Direcci\u00f3n de Obras Municipales (DOM) de Torres del Payne \u2013una de las comunas beneficiadas-, con quienes se destac\u00f3 el importante avance que significan estas obras para sus habitantes. &nbsp;<\/p>\n\n\n\n<p>\u201cEsto permitir\u00e1 abastecer de energ\u00eda el\u00e9ctrica las 24 horas del d\u00eda a la posta de avanzada, a la escuela de Cerro Guido y al jard\u00edn infantil Solcito de la Patagonia, beneficiando de forma directa a los usuarios (pacientes locales y turistas y estudiantes y docentes), lo cual significar\u00e1 entregarles una continua y mejor calidad de servicio\u201d, explic\u00f3 Ignacio Bra\u00f1es, apoyo t\u00e9cnico de la DOM. &nbsp;<\/p>\n\n\n\n<p>Finalmente, a la recepci\u00f3n definitiva de obras tambi\u00e9n acudi\u00f3 el profesional de la Divisi\u00f3n de Acceso y Desarrollo Social del Ministerio de Energ\u00eda, Pablo Weber, quien comparti\u00f3 positivas impresiones con los beneficiarios. &nbsp;&nbsp;&nbsp;<\/p>\n\n\n\n<p><strong>Datos de las instalaciones:<\/strong><\/p>\n\n\n\n<p>Proyecto 1: Planta e\u00f3lica \u2013 h\u00edbrida para alimentaci\u00f3n el\u00e9ctrica posta, sector Cerro Guido.<\/p>\n\n\n\n<p>Proyecto 2: Planta e\u00f3lica \u2013 hibrida para alimentaci\u00f3n el\u00e9ctrica, escuela y jard\u00edn infantil sector Cerro Guido.<\/p>\n\n\n\n<p>Proyecto 5: Planta e\u00f3lica \u2013 h\u00edbrida para alimentaci\u00f3n el\u00e9ctrica escuela sector Seno Obstrucci\u00f3n.<\/p>\n\n\n\n<figure class=\"wp-block-image\"><img loading=\"lazy\" decoding=\"async\" width=\"1024\" height=\"576\" src=\"https:\/\/www.radiopresidenteibanez.cl\/web\/wp-content\/uploads\/2019\/04\/RECEPCI\u00d3N-DE-OBRAS-ERNC-3-1024x576.jpg\" alt=\"\" class=\"wp-image-3379\" srcset=\"https:\/\/www.radiopresidenteibanez.cl\/web\/wp-content\/uploads\/2019\/04\/RECEPCI\u00d3N-DE-OBRAS-ERNC-3-1024x576.jpg 1024w, https:\/\/www.radiopresidenteibanez.cl\/web\/wp-content\/uploads\/2019\/04\/RECEPCI\u00d3N-DE-OBRAS-ERNC-3-300x169.jpg 300w, https:\/\/www.radiopresidenteibanez.cl\/web\/wp-content\/uploads\/2019\/04\/RECEPCI\u00d3N-DE-OBRAS-ERNC-3-768x432.jpg 768w, https:\/\/www.radiopresidenteibanez.cl\/web\/wp-content\/uploads\/2019\/04\/RECEPCI\u00d3N-DE-OBRAS-ERNC-3.jpg 1032w\" sizes=\"auto, (max-width: 1024px) 100vw, 1024px\" \/><\/figure>\n","protected":false},"excerpt":{"rendered":"<p>Esta semana, el Seremi de Energ\u00eda de Magallanes, Nolberto S\u00e1ez, viaj\u00f3 junto a sus profesionales para la recepci\u00f3n definitiva de las obras proyectadas en base a Energ\u00edas Renovables No Convencionales&#8230; <a class=\"read-more\" href=\"https:\/\/www.radiopresidenteibanez.cl\/web\/390-millones-de-pesos-en-obras-de-ernc-para-escuelas-y-postas-rurales-recepciona-energia-magallanes\/\">Leer m\u00e1s<\/a><\/p>\n","protected":false},"author":2,"featured_media":3379,"comment_status":"closed","ping_status":"closed","sticky":false,"template":"","format":"standard","meta":{"footnotes":""},"categories":[1],"tags":[],"class_list":["post-3375","post","type-post","status-publish","format-standard","has-post-thumbnail","hentry","category-cronica"],"_links":{"self":[{"href":"https:\/\/www.radiopresidenteibanez.cl\/web\/wp-json\/wp\/v2\/posts\/3375","targetHints":{"allow":["GET"]}}],"collection":[{"href":"https:\/\/www.radiopresidenteibanez.cl\/web\/wp-json\/wp\/v2\/posts"}],"about":[{"href":"https:\/\/www.radiopresidenteibanez.cl\/web\/wp-json\/wp\/v2\/types\/post"}],"author":[{"embeddable":true,"href":"https:\/\/www.radiopresidenteibanez.cl\/web\/wp-json\/wp\/v2\/users\/2"}],"replies":[{"embeddable":true,"href":"https:\/\/www.radiopresidenteibanez.cl\/web\/wp-json\/wp\/v2\/comments?post=3375"}],"version-history":[{"count":0,"href":"https:\/\/www.radiopresidenteibanez.cl\/web\/wp-json\/wp\/v2\/posts\/3375\/revisions"}],"wp:featuredmedia":[{"embeddable":true,"href":"https:\/\/www.radiopresidenteibanez.cl\/web\/wp-json\/wp\/v2\/media\/3379"}],"wp:attachment":[{"href":"https:\/\/www.radiopresidenteibanez.cl\/web\/wp-json\/wp\/v2\/media?parent=3375"}],"wp:term":[{"taxonomy":"category","embeddable":true,"href":"https:\/\/www.radiopresidenteibanez.cl\/web\/wp-json\/wp\/v2\/categories?post=3375"},{"taxonomy":"post_tag","embeddable":true,"href":"https:\/\/www.radiopresidenteibanez.cl\/web\/wp-json\/wp\/v2\/tags?post=3375"}],"curies":[{"name":"wp","href":"https:\/\/api.w.org\/{rel}","templated":true}]}}