{"id":33748,"date":"2022-10-25T11:12:00","date_gmt":"2022-10-25T14:12:00","guid":{"rendered":"https:\/\/www.radiopresidenteibanez.cl\/web\/?p=33748"},"modified":"2022-10-24T21:45:19","modified_gmt":"2022-10-25T00:45:19","slug":"nuevo-convenio-afianza-presencia-de-corporacion-de-asistencia-judicial-en-rio-verde","status":"publish","type":"post","link":"https:\/\/www.radiopresidenteibanez.cl\/web\/nuevo-convenio-afianza-presencia-de-corporacion-de-asistencia-judicial-en-rio-verde\/","title":{"rendered":"NUEVO CONVENIO AFIANZA PRESENCIA DE CORPORACI\u00d3N DE ASISTENCIA JUDICIAL EN R\u00cdO VERDE"},"content":{"rendered":"\n<p>En el D\u00eda de la Regi\u00f3n de Magallanes y Ant\u00e1rtica Chilena, la Corporaci\u00f3n de Asistencia Judicial (CAJ) reafirm\u00f3 hoy viernes su compromiso de llegar a todo el territorio regional, consolidando esta vez la formalizaci\u00f3n de una colaboraci\u00f3n conjunta con el municipio de R\u00edo Verde para el acceso a la justicia de sus vecinos y vecinas, permitiendo a dicha comuna disponer de toda la oferta program\u00e1tica de este servicio dependiente de Justicia.<\/p>\n\n\n\n<p>Aquel esperado hito se materializ\u00f3 a trav\u00e9s de una ceremonia realizada en Villa Ponsomby, sede de la Municipalidad de R\u00edo Verde (situada a 82 kil\u00f3metros al noroeste de Punta Arenas). Esta cont\u00f3 con la participaci\u00f3n del Director General de la Corporaci\u00f3n de Asistencia Judicial R.M (CAJ Metropolitana) Alejandro Diaz Letelier, la Seremi de Justicia y Derechos Humanos, Michelle Peutat Alvarado, el Alcalde (S) de R\u00edo Verde, Javier Labr\u00edn, la Directora Regional de la CAJ (S), Martina Pradenas Uribe, y concejales de la comuna.<\/p>\n\n\n\n<p>En la ocasi\u00f3n, se dio a conocer a la comunidad de R\u00edo Verde el contenido de los acuerdos del Convenio sellando el compromiso conjunto de acceso a la justicia para los vecinos y vecinas de la comuna. Al respecto, el Director General de CAJ Metro, Alejandro D\u00edaz, destac\u00f3 esta herramienta como medio para poder canalizar una atenci\u00f3n integral, altamente profesional, especializada y gratuita a aquella apartada comunidad. De esta manera, se comprometen a otorgar a su poblaci\u00f3n patrocinio jur\u00eddico y asesoramiento jur\u00eddico y social permanente, de acuerdo a la demanda usuaria que canalice el Municipio.<\/p>\n\n\n\n<p>Adem\u00e1s de permitir el acceso a la oferta program\u00e1tica de la Corporaci\u00f3n, a\u00f1adi\u00f3 que el convenio considerar\u00e1 tambi\u00e9n operativos presenciales de la CAJ, coordinados entre ambas instituciones, para una atenci\u00f3n eficiente y eficaz que responda a la necesidad de atenci\u00f3n de la comunidad.<\/p>\n\n\n\n<p>\u201cPara nuestro gobierno es prioritaria la descentralizaci\u00f3n en todo el territorio regional, considerando la importancia que tiene el principio de igualdad ante la ley, y que todas las personas puedan acceder efectivamente a la justicia en todas las materias y l\u00edneas de representaci\u00f3n que tiene la CAJ, y el estar presentes hoy en una comuna rural es se\u00f1al de aquello\u201d, destac\u00f3 a su vez la Seremi Michelle Peutat.<\/p>\n\n\n\n<p>Agreg\u00f3 que esperan poder ir mejorando convenios de colaboraci\u00f3n con los gobiernos locales, que son las comunidades m\u00e1s cercanas a la sociedad por parte del Estado. Asimismo, estar\u00e1n dando a conocer distintas actividades durante el periodo estival, que permitir\u00e1n a la ciudadan\u00eda disponer de sus servicios como la CAJ, con sus respectivos m\u00f3viles, en zonas de alta afluencia de p\u00fablico.<\/p>\n\n\n\n<p>Acerca de la importancia este convenio, que se ven\u00eda gestionando hace meses, Javier Labr\u00edn, Alcalde (S) de R\u00edo Verde, subray\u00f3 el acceso a orientaci\u00f3n e informaci\u00f3n en modalidad remota y presencial, seg\u00fan la necesidad de la comunidad de R\u00edo Verde, y patrocinio judicial de acuerdo a los criterios de acceso que rigen a la CAJ, para garantizar una respuesta oportuna y eficiente a las demandas de los vecinos y vecinas.<\/p>\n\n\n\n<p>Martina Pradenas, Directora Regional (S) de la CAJ, resumi\u00f3 los beneficios de esta herramienta en brindar asesoramiento jur\u00eddico y social a los habitantes de escasos recursos de la comuna con un equipo de profesionales y personal administrativo; y prestar defensa y patrocinio judicial-extrajudicial en las diversas materias de su competencia, a todo vecino que no cuente con recursos para contratar los servicios de un abogado particular, conforme a los criterios de focalizaci\u00f3n establecidos por el Ministerio de Justicia y DD.HH.<\/p>\n\n\n\n<p>En su b\u00fasqueda de garantizar el acceso a la justicia a toda la poblaci\u00f3n, a trav\u00e9s de su especializaci\u00f3n mediante la implementaci\u00f3n de L\u00edneas y Programas, se\u00f1al\u00f3 que como instituci\u00f3n se orientan a responder a las necesidades de las personas, destacando el conservar y seguir impulsando la articulaci\u00f3n que les permite la figura de los convenios municipales. Esto, al ser las comunas y sus administraciones comunales la forma m\u00e1s reconocida por la ciudadan\u00eda para su representaci\u00f3n pol\u00edtico administrativa, y como tal, la CAJ valora las colaboraciones que puede desarrollar con los municipios para recoger las demandas usuarias a trav\u00e9s de sus administraciones.<\/p>\n\n\n\n<p>A nivel de prestaciones, indic\u00f3 el Convenio garantiza adem\u00e1s la atenci\u00f3n presencial a desarrollar en la comuna por parte de los profesionales de la CAJ en su L\u00ednea de orientaci\u00f3n e Informaci\u00f3n. \u201cEstar presentes en las comunas rurales es un valor agregado, no s\u00f3lo desde del acceso a la justicia que la CAJ mantiene como misi\u00f3n institucional, sino tambi\u00e9n desde la equidad territorial con respecto de los espacios urbanos en la que debemos avanzar\u201d, agreg\u00f3.<\/p>\n","protected":false},"excerpt":{"rendered":"<p>En el D\u00eda de la Regi\u00f3n de Magallanes y Ant\u00e1rtica Chilena, la Corporaci\u00f3n de Asistencia Judicial (CAJ) reafirm\u00f3 hoy viernes su compromiso de llegar a todo el territorio regional, consolidando&#8230; <a class=\"read-more\" href=\"https:\/\/www.radiopresidenteibanez.cl\/web\/nuevo-convenio-afianza-presencia-de-corporacion-de-asistencia-judicial-en-rio-verde\/\">Leer m\u00e1s<\/a><\/p>\n","protected":false},"author":2,"featured_media":33749,"comment_status":"closed","ping_status":"closed","sticky":false,"template":"","format":"standard","meta":{"footnotes":""},"categories":[1],"tags":[],"class_list":["post-33748","post","type-post","status-publish","format-standard","has-post-thumbnail","hentry","category-cronica"],"_links":{"self":[{"href":"https:\/\/www.radiopresidenteibanez.cl\/web\/wp-json\/wp\/v2\/posts\/33748","targetHints":{"allow":["GET"]}}],"collection":[{"href":"https:\/\/www.radiopresidenteibanez.cl\/web\/wp-json\/wp\/v2\/posts"}],"about":[{"href":"https:\/\/www.radiopresidenteibanez.cl\/web\/wp-json\/wp\/v2\/types\/post"}],"author":[{"embeddable":true,"href":"https:\/\/www.radiopresidenteibanez.cl\/web\/wp-json\/wp\/v2\/users\/2"}],"replies":[{"embeddable":true,"href":"https:\/\/www.radiopresidenteibanez.cl\/web\/wp-json\/wp\/v2\/comments?post=33748"}],"version-history":[{"count":0,"href":"https:\/\/www.radiopresidenteibanez.cl\/web\/wp-json\/wp\/v2\/posts\/33748\/revisions"}],"wp:featuredmedia":[{"embeddable":true,"href":"https:\/\/www.radiopresidenteibanez.cl\/web\/wp-json\/wp\/v2\/media\/33749"}],"wp:attachment":[{"href":"https:\/\/www.radiopresidenteibanez.cl\/web\/wp-json\/wp\/v2\/media?parent=33748"}],"wp:term":[{"taxonomy":"category","embeddable":true,"href":"https:\/\/www.radiopresidenteibanez.cl\/web\/wp-json\/wp\/v2\/categories?post=33748"},{"taxonomy":"post_tag","embeddable":true,"href":"https:\/\/www.radiopresidenteibanez.cl\/web\/wp-json\/wp\/v2\/tags?post=33748"}],"curies":[{"name":"wp","href":"https:\/\/api.w.org\/{rel}","templated":true}]}}