{"id":33745,"date":"2022-10-25T10:22:00","date_gmt":"2022-10-25T13:22:00","guid":{"rendered":"https:\/\/www.radiopresidenteibanez.cl\/web\/?p=33745"},"modified":"2022-10-24T21:34:17","modified_gmt":"2022-10-25T00:34:17","slug":"este-jueves-se-realizara-seminario-regional-de-actividad-fisica-juego-y-cognicion-magallanes-2022","status":"publish","type":"post","link":"https:\/\/www.radiopresidenteibanez.cl\/web\/este-jueves-se-realizara-seminario-regional-de-actividad-fisica-juego-y-cognicion-magallanes-2022\/","title":{"rendered":"ESTE JUEVES SE REALIZAR\u00c1 SEMINARIO REGIONAL\u00a0DE ACTIVIDAD FISICA, JUEGO Y COGNICION MAGALLANES 2022"},"content":{"rendered":"\n<p>El pr\u00f3ximo jueves 27 de octubre se desarrollar\u00e1 el Seminario Regional de Actividad F\u00edsica, Juego y Cognici\u00f3n, organizado por la Coordinaci\u00f3n Regional de Actividad F\u00edsica Escolar de la Seremi de Educaci\u00f3n de Magallanes, en colaboraci\u00f3n con la Junta Nacional de Jardines Infantiles (Junji) y el Espacio de Artes Esc\u00e9nicas \u00abCirco Del Sur\u00bb, denominado: \u201dMotricidad, Juego y Creatividad\u201d.&nbsp;&nbsp;<\/p>\n\n\n\n<p>Esta actividad presencial se realizar\u00e1 en el Centro Interactivo de Juego y Movimiento (Cijum) de Punta Arenas, y est\u00e1 dirigida a docentes y estudiantes de Educaci\u00f3n F\u00edsica, Educadoras y T\u00e9cnicos de P\u00e1rvulos. Adem\u00e1s de profesionales vinculados al \u00e1rea f\u00edsica en las comunidades educativas.&nbsp;<\/p>\n\n\n\n<p>El seremi de Educaci\u00f3n, Valent\u00edn Aguilera G\u00f3mez, destac\u00f3 el nivel de los expositores de este seminario que provienen de distintas universidades de Chile, indicando que esta iniciativa tiene como finalidad apoyar con estrategias pedag\u00f3gicas y did\u00e1cticas el desarrollo integral de los ni\u00f1os, ni\u00f1as y j\u00f3venes, m\u00e1s a\u00fan considerando el periodo post pandemia, donde ha quedado en evidencia la importancia de la actividad f\u00edsica para prevenir problem\u00e1ticas en salud mental y convivencia escolar\u201d.&nbsp;<\/p>\n\n\n\n<p>En virtud del trabajo desarrollado el 2020 y el 2021, a trav\u00e9s de los Ciclos de Seminarios Virtuales, se program\u00f3 para este a\u00f1o, y de manera presencial, el Seminario Regional de Actividad F\u00edsica, Juego y Cognici\u00f3n Magallanes 2022.&nbsp;&nbsp;&nbsp;<\/p>\n\n\n\n<p><strong>PROGRAMA&nbsp;<\/strong><\/p>\n\n\n\n<p>JUEVES 27 DE OCTUBRE&nbsp;&nbsp;<\/p>\n\n\n\n<p>Jornada Ma\u00f1ana&nbsp;<\/p>\n\n\n\n<p>08:30 &#8211; 09:00&nbsp;&nbsp;&nbsp;Acreditaci\u00f3n e Inauguraci\u00f3n.&nbsp;<\/p>\n\n\n\n<p>09:00 &#8211; 09:30&nbsp;&nbsp;&nbsp;Presentaci\u00f3n Patricio Venegas: \u201cActividad F\u00edsica Escolar, Hacia una Implementaci\u00f3n Efectiva en el Sistema Escolar\u201d, Ministerio de Educaci\u00f3n.&nbsp;<\/p>\n\n\n\n<p>09:30 &#8211; 10:15&nbsp;&nbsp;&nbsp;Presentaci\u00f3n Dr. Carlos Cristi Montero: \u201cActividad F\u00edsica y Cognici\u00f3n, relevancia del Uniforme y Vulnerabilidad Escolar\u201d, Pontificia Universidad Cat\u00f3lica de Valpara\u00edso.&nbsp;<\/p>\n\n\n\n<p>10:15 &#8211; 10-30&nbsp;&nbsp;&nbsp;Caf\u00e9.&nbsp;<\/p>\n\n\n\n<p>10:30 &#8211; 10:45&nbsp;&nbsp;&nbsp;Activaci\u00f3n.&nbsp;<\/p>\n\n\n\n<p>10:45 &#8211; 11:30&nbsp;&nbsp;&nbsp;Presentaci\u00f3n Dra. Johana Soto S\u00e1nchez: \u201cNutrici\u00f3n y Actividad F\u00edsica en Primera Infancia\u201d, Universidad Mayor.&nbsp;<\/p>\n\n\n\n<p>11:30 &#8211; 12:30&nbsp; &nbsp;Taller de Circo, Compa\u00f1\u00eda Circo del Sur.&nbsp;&nbsp;<\/p>\n\n\n\n<p>Jornada Tarde&nbsp;<\/p>\n\n\n\n<p>14:30 &#8211; 14:45&nbsp;&nbsp;&nbsp;Bienvenida.&nbsp;<\/p>\n\n\n\n<p>15:00 &#8211; 15:45&nbsp; &nbsp;Presentaci\u00f3n Dr. Tomas Reyes Amigo: \u201cCompromiso Motor e Intensidad de la Actividad F\u00edsica, a trav\u00e9s del Juego y su Efecto Cognitivo\u201d Universidad de Playa Ancha.&nbsp;<\/p>\n\n\n\n<p>15:45 &#8211; 17:30&nbsp;&nbsp;&nbsp;Presentaci\u00f3n Dr. Luis Linzmayer: \u201cMotricidad, Juego y Creatividad\u201d (Te\u00f3rico &#8211; Pr\u00e1ctico), Universidad del B\u00edo B\u00edo.&nbsp;<\/p>\n\n\n\n<p>17:30 &#8211; 18:00&nbsp;&nbsp;&nbsp;Panel y Cierre.&nbsp;<\/p>\n","protected":false},"excerpt":{"rendered":"<p>El pr\u00f3ximo jueves 27 de octubre se desarrollar\u00e1 el Seminario Regional de Actividad F\u00edsica, Juego y Cognici\u00f3n, organizado por la Coordinaci\u00f3n Regional de Actividad F\u00edsica Escolar de la Seremi de&#8230; <a class=\"read-more\" href=\"https:\/\/www.radiopresidenteibanez.cl\/web\/este-jueves-se-realizara-seminario-regional-de-actividad-fisica-juego-y-cognicion-magallanes-2022\/\">Leer m\u00e1s<\/a><\/p>\n","protected":false},"author":2,"featured_media":33746,"comment_status":"closed","ping_status":"closed","sticky":false,"template":"","format":"standard","meta":{"footnotes":""},"categories":[1],"tags":[],"class_list":["post-33745","post","type-post","status-publish","format-standard","has-post-thumbnail","hentry","category-cronica"],"_links":{"self":[{"href":"https:\/\/www.radiopresidenteibanez.cl\/web\/wp-json\/wp\/v2\/posts\/33745","targetHints":{"allow":["GET"]}}],"collection":[{"href":"https:\/\/www.radiopresidenteibanez.cl\/web\/wp-json\/wp\/v2\/posts"}],"about":[{"href":"https:\/\/www.radiopresidenteibanez.cl\/web\/wp-json\/wp\/v2\/types\/post"}],"author":[{"embeddable":true,"href":"https:\/\/www.radiopresidenteibanez.cl\/web\/wp-json\/wp\/v2\/users\/2"}],"replies":[{"embeddable":true,"href":"https:\/\/www.radiopresidenteibanez.cl\/web\/wp-json\/wp\/v2\/comments?post=33745"}],"version-history":[{"count":0,"href":"https:\/\/www.radiopresidenteibanez.cl\/web\/wp-json\/wp\/v2\/posts\/33745\/revisions"}],"wp:featuredmedia":[{"embeddable":true,"href":"https:\/\/www.radiopresidenteibanez.cl\/web\/wp-json\/wp\/v2\/media\/33746"}],"wp:attachment":[{"href":"https:\/\/www.radiopresidenteibanez.cl\/web\/wp-json\/wp\/v2\/media?parent=33745"}],"wp:term":[{"taxonomy":"category","embeddable":true,"href":"https:\/\/www.radiopresidenteibanez.cl\/web\/wp-json\/wp\/v2\/categories?post=33745"},{"taxonomy":"post_tag","embeddable":true,"href":"https:\/\/www.radiopresidenteibanez.cl\/web\/wp-json\/wp\/v2\/tags?post=33745"}],"curies":[{"name":"wp","href":"https:\/\/api.w.org\/{rel}","templated":true}]}}