{"id":33742,"date":"2022-10-25T09:32:00","date_gmt":"2022-10-25T12:32:00","guid":{"rendered":"https:\/\/www.radiopresidenteibanez.cl\/web\/?p=33742"},"modified":"2022-10-24T21:29:52","modified_gmt":"2022-10-25T00:29:52","slug":"centenares-de-personas-asistieron-a-feria-de-las-pymes-de-la-universidad-de-magallanes","status":"publish","type":"post","link":"https:\/\/www.radiopresidenteibanez.cl\/web\/centenares-de-personas-asistieron-a-feria-de-las-pymes-de-la-universidad-de-magallanes\/","title":{"rendered":"Centenares de personas asistieron a Feria de las Pymes de la Universidad de Magallanes"},"content":{"rendered":"\n<p>En el hall del edificio de las Facultades de Ingenier\u00eda y de Ciencias de la casa central de la Universidad de Magallanes se realiz\u00f3 la Feria de las Pymes, que fue organizada por la Federaci\u00f3n de Estudiantes del plantel de educaci\u00f3n superior (FEUM) y auspiciada por Corfo, Delegaci\u00f3n Presidencial Regional y Sercotec Magallanes.<\/p>\n\n\n\n<p>\u201cEstas son las instancias para que los funcionarios, estudiantes y nuestra comunidad puedan presentar sus emprendimientos. Nos llena de orgullo saber que muchas personas est\u00e1n desarrollando sus deseos; ese es el camino, que cada uno de nosotros vaya encontrando las formas de comunicar y expresar lo que siente\u201d, afirm\u00f3 el rector de la UMAG, Jos\u00e9 Maripani, quien fue el encargado de dar el puntapi\u00e9 inicial a la semana de aniversario n\u00famero 61.<\/p>\n\n\n\n<p>M\u00e1s de un centenar de personas asistieron, desde las 11.00 hasta las 20.00 horas, al encuentro en el que no solo participaron estudiantes de la UMAG, sino que tambi\u00e9n funcionarios, acad\u00e9micos y p\u00fablico en general. Todos ellos pudieron disfrutar de m\u00e1s de 50 emprendimientos como artesan\u00eda, comidas, reposter\u00eda, carpinter\u00eda y accesorios, entre otros.<\/p>\n\n\n\n<p>\u201cOfrecemos arreglos de suculentas personalizadas. Creamos los dise\u00f1os pero tambi\u00e9n las personas pueden mandar a pedir lo que ellos quieren, ya sean cactus, suculentas o alguna flor; colocando ciertos accesorios o alguna frase. Hacemos repartos a domicilio con precios que oscilan entre los $12 mil y $35 mil\u201d, indic\u00f3 Costanza Miranda, estudiante de Trabajo Social en la UMAG, quien junto a su madre, Stella Fern\u00e1ndez, se instalaron con el puesto Verde M\u00e1gico (@magicoverde).<\/p>\n\n\n\n<p>Margarita Fuentes, alumna de Arquitectura de la Universidad de Magallanes, quien se estableci\u00f3 con \u201cKuyena\u201d (@kuyena.tatto), expres\u00f3 que \u201cen este emprendimiento, que es mi arte visual, he generado mi l\u00ednea propia relacionada con mi arte abstracto y original; adem\u00e1s, respondo a pedidos como retratos personalizados. Tengo precios bien accesibles, ya que los stickers est\u00e1n a $500 y $1.000, mientras que los retratos est\u00e1n a $5.000\u201d.<\/p>\n\n\n\n<p><strong>Reposter\u00eda y alimentos<\/strong><\/p>\n\n\n\n<p>Las miradas y consultas de los visitantes tambi\u00e9n estuvieron enfocadas en los puestos de venta de reposter\u00eda y alimentos gastron\u00f3micos, que por medio de sus encargadas, ofrecieron una amplia variedad de productos artesanales y saludables.<\/p>\n\n\n\n<p>\u201cVendo galletones de man\u00ed y de man\u00ed-chocolate; snicker-pie vegano, sin gluten y sin az\u00facar procesada; panes veganos que est\u00e1n compuestos por hummus, tomate asado y mayo vegana o por hummus, lechuga hidrop\u00f3nica y mayo vegana; adem\u00e1s de rollitos de lim\u00f3n-amapola, canela, oreo, pl\u00e1tano-canela y frambuesa\u201d, detall\u00f3 Camila Salgado, estudiante de Medicina de la UMAG, quien se estableci\u00f3 con \u201cCami Pastelera\u201d (@c4amip4asteler4).<\/p>\n\n\n\n<p>Nadia Rojas, alumna de Ingenier\u00eda Comercial de esta casa de estudios, quien se instal\u00f3 con el stand \u201cNadia &#8216;s Chocolate\u201d (@nadias_chocolates), coment\u00f3 que \u201cse trata de una chocolater\u00eda artesanal donde vendemos chocolates, bombones, chocobombas y alfajores; todos de textura blanda. Los precios van desde los $1.500 hacia adelante, pero siempre accesibles en cuanto a los montos\u201d.<\/p>\n\n\n\n<p>En la oportunidad, la Mesa Ejecutiva de la FEUM, aprovech\u00f3 tambi\u00e9n de hacer una invitaci\u00f3n a la comunidad para asistir el d\u00eda mi\u00e9rcoles 26 a la Feria de las Artes, iniciativa que brindar\u00e1 un espacio a las diferentes expresiones art\u00edsticas de las y los integrantes de la comunidad universitaria.<\/p>\n\n\n\n<p>La instancia se llevar\u00e1 a cabo en el mismo hall del Edificio de Ingenier\u00eda y de Ciencias entre las 14.00 y las 20.00 horas.<\/p>\n","protected":false},"excerpt":{"rendered":"<p>En el hall del edificio de las Facultades de Ingenier\u00eda y de Ciencias de la casa central de la Universidad de Magallanes se realiz\u00f3 la Feria de las Pymes, que&#8230; <a class=\"read-more\" href=\"https:\/\/www.radiopresidenteibanez.cl\/web\/centenares-de-personas-asistieron-a-feria-de-las-pymes-de-la-universidad-de-magallanes\/\">Leer m\u00e1s<\/a><\/p>\n","protected":false},"author":2,"featured_media":33743,"comment_status":"closed","ping_status":"closed","sticky":false,"template":"","format":"standard","meta":{"footnotes":""},"categories":[1],"tags":[],"class_list":["post-33742","post","type-post","status-publish","format-standard","has-post-thumbnail","hentry","category-cronica"],"_links":{"self":[{"href":"https:\/\/www.radiopresidenteibanez.cl\/web\/wp-json\/wp\/v2\/posts\/33742","targetHints":{"allow":["GET"]}}],"collection":[{"href":"https:\/\/www.radiopresidenteibanez.cl\/web\/wp-json\/wp\/v2\/posts"}],"about":[{"href":"https:\/\/www.radiopresidenteibanez.cl\/web\/wp-json\/wp\/v2\/types\/post"}],"author":[{"embeddable":true,"href":"https:\/\/www.radiopresidenteibanez.cl\/web\/wp-json\/wp\/v2\/users\/2"}],"replies":[{"embeddable":true,"href":"https:\/\/www.radiopresidenteibanez.cl\/web\/wp-json\/wp\/v2\/comments?post=33742"}],"version-history":[{"count":0,"href":"https:\/\/www.radiopresidenteibanez.cl\/web\/wp-json\/wp\/v2\/posts\/33742\/revisions"}],"wp:featuredmedia":[{"embeddable":true,"href":"https:\/\/www.radiopresidenteibanez.cl\/web\/wp-json\/wp\/v2\/media\/33743"}],"wp:attachment":[{"href":"https:\/\/www.radiopresidenteibanez.cl\/web\/wp-json\/wp\/v2\/media?parent=33742"}],"wp:term":[{"taxonomy":"category","embeddable":true,"href":"https:\/\/www.radiopresidenteibanez.cl\/web\/wp-json\/wp\/v2\/categories?post=33742"},{"taxonomy":"post_tag","embeddable":true,"href":"https:\/\/www.radiopresidenteibanez.cl\/web\/wp-json\/wp\/v2\/tags?post=33742"}],"curies":[{"name":"wp","href":"https:\/\/api.w.org\/{rel}","templated":true}]}}