{"id":33739,"date":"2022-10-25T08:24:00","date_gmt":"2022-10-25T11:24:00","guid":{"rendered":"https:\/\/www.radiopresidenteibanez.cl\/web\/?p=33739"},"modified":"2022-10-24T21:27:10","modified_gmt":"2022-10-25T00:27:10","slug":"municipio-presento-querella-contra-conductor-que-ingreso-a-la-plaza-de-armas","status":"publish","type":"post","link":"https:\/\/www.radiopresidenteibanez.cl\/web\/municipio-presento-querella-contra-conductor-que-ingreso-a-la-plaza-de-armas\/","title":{"rendered":"MUNICIPIO PRESENT\u00d3 QUERELLA CONTRA CONDUCTOR QUE INGRES\u00d3 A LA PLAZA DE ARMAS\u00a0\u00a0"},"content":{"rendered":"\n<p>Luego de que el d\u00eda jueves pasado (20 octubre) se reabriera nuevamente la Plaza de Armas de Punta Arenas, han ocurrido dos acciones lamentables y que generan rechazo por parte de la ciudadan\u00eda.&nbsp;<\/p>\n\n\n\n<p>El primero fue un rayado en el sector del asta monumental a las pocas horas de que fuera entregada a la comunidad despu\u00e9s de 15 meses de trabajos, y posteriormente, cuando un conductor ingres\u00f3 con su autom\u00f3vil al interior de la Plaza, siendo registrado tanto por las personas que estaban dentro del veh\u00edculo, como por las c\u00e1maras de tele vigilancia con las que cuenta el municipio en dicho lugar, lo cual fue inmediatamente repudiado por los habitantes de la ciudad.&nbsp;<\/p>\n\n\n\n<p>Es as\u00ed que una vez detenido el responsable y puesto a disposici\u00f3n de la justicia, la Municipalidad de Punta Arenas, encabezada por su Alcalde, Claudio Radonich, decidieron presentar una querella por des\u00f3rdenes p\u00fablicos, sum\u00e1ndose a las acciones dispuestas por la Fiscal\u00eda.&nbsp;&nbsp;<\/p>\n\n\n\n<p>\u201cNos encontramos con una acci\u00f3n repudiable por parte de una persona que ingresa en auto a la Plaza de Armas en horas de la madrugada, por lo que como Municipalidad presentamos una querella, que se suma a las acciones de la fiscal\u00eda y tambi\u00e9n haremos lo mismo en el Juzgado de Polic\u00eda Local, en base a nuestras facultades\u201d, expres\u00f3 Radonich.&nbsp;&nbsp;<\/p>\n\n\n\n<p>Asimismo, el jefe comunal a\u00f1adi\u00f3 que \u201cla comunidad tuvo una sola posici\u00f3n, y se escuch\u00f3 fuerte, as\u00ed que colaboraremos con la informaci\u00f3n necesaria y las im\u00e1genes de nuestras c\u00e1maras de tele vigilancia. Queremos que esto sea un ejemplo, porque la Plaza no es de la Municipalidad sino que de todos los vecinos de la ciudad, y buscamos que los espacios p\u00fablicos se respeten y cuiden como corresponde\u201d.&nbsp;<\/p>\n\n\n\n<p>Por su parte, Claudia Casas, directora jur\u00eddica de la Municipalidad de Punta Arenas, dijo que \u201cdecidimos hacernos parte en esta investigaci\u00f3n, raz\u00f3n por cual nos sumamos con una querella en la que aportaremos todos los antecedentes que tengamos, para que as\u00ed la investigaci\u00f3n finalice cuanto antes y se puedan determinar las sanciones que correspondan\u201d.&nbsp;<\/p>\n\n\n\n<p>La autoridad comunal aprovech\u00f3 la instancia para agradecer a los integrantes del Concejo Municipal, que de manera un\u00e1nime respald\u00f3 las acciones que hemos tomado. De igual forma, destac\u00f3 el trabajo de la Fiscal\u00eda y Carabineros de Chile por su r\u00e1pida y oportuna reacci\u00f3n.&nbsp;<\/p>\n\n\n\n<p>La persona arriesga presidio menor en su grado m\u00ednimo, y eso implica una sanci\u00f3n desde los 61 y hasta 540 d\u00edas, de acuerdo a lo que est\u00e1 establecido en el c\u00f3digo penal de nuestro pa\u00eds.&nbsp;<\/p>\n","protected":false},"excerpt":{"rendered":"<p>Luego de que el d\u00eda jueves pasado (20 octubre) se reabriera nuevamente la Plaza de Armas de Punta Arenas, han ocurrido dos acciones lamentables y que generan rechazo por parte&#8230; <a class=\"read-more\" href=\"https:\/\/www.radiopresidenteibanez.cl\/web\/municipio-presento-querella-contra-conductor-que-ingreso-a-la-plaza-de-armas\/\">Leer m\u00e1s<\/a><\/p>\n","protected":false},"author":2,"featured_media":33740,"comment_status":"closed","ping_status":"closed","sticky":false,"template":"","format":"standard","meta":{"footnotes":""},"categories":[1],"tags":[],"class_list":["post-33739","post","type-post","status-publish","format-standard","has-post-thumbnail","hentry","category-cronica"],"_links":{"self":[{"href":"https:\/\/www.radiopresidenteibanez.cl\/web\/wp-json\/wp\/v2\/posts\/33739","targetHints":{"allow":["GET"]}}],"collection":[{"href":"https:\/\/www.radiopresidenteibanez.cl\/web\/wp-json\/wp\/v2\/posts"}],"about":[{"href":"https:\/\/www.radiopresidenteibanez.cl\/web\/wp-json\/wp\/v2\/types\/post"}],"author":[{"embeddable":true,"href":"https:\/\/www.radiopresidenteibanez.cl\/web\/wp-json\/wp\/v2\/users\/2"}],"replies":[{"embeddable":true,"href":"https:\/\/www.radiopresidenteibanez.cl\/web\/wp-json\/wp\/v2\/comments?post=33739"}],"version-history":[{"count":0,"href":"https:\/\/www.radiopresidenteibanez.cl\/web\/wp-json\/wp\/v2\/posts\/33739\/revisions"}],"wp:featuredmedia":[{"embeddable":true,"href":"https:\/\/www.radiopresidenteibanez.cl\/web\/wp-json\/wp\/v2\/media\/33740"}],"wp:attachment":[{"href":"https:\/\/www.radiopresidenteibanez.cl\/web\/wp-json\/wp\/v2\/media?parent=33739"}],"wp:term":[{"taxonomy":"category","embeddable":true,"href":"https:\/\/www.radiopresidenteibanez.cl\/web\/wp-json\/wp\/v2\/categories?post=33739"},{"taxonomy":"post_tag","embeddable":true,"href":"https:\/\/www.radiopresidenteibanez.cl\/web\/wp-json\/wp\/v2\/tags?post=33739"}],"curies":[{"name":"wp","href":"https:\/\/api.w.org\/{rel}","templated":true}]}}