{"id":33727,"date":"2022-10-24T16:13:00","date_gmt":"2022-10-24T19:13:00","guid":{"rendered":"https:\/\/www.radiopresidenteibanez.cl\/web\/?p=33727"},"modified":"2022-10-24T14:44:33","modified_gmt":"2022-10-24T17:44:33","slug":"en-ushuaia-se-lleva-a-cabo-el-xxviii-encuentro-del-comite-de-integracion-austral-con-la-participacion-de-delegada-presidencial-y-autoridades-regionales","status":"publish","type":"post","link":"https:\/\/www.radiopresidenteibanez.cl\/web\/en-ushuaia-se-lleva-a-cabo-el-xxviii-encuentro-del-comite-de-integracion-austral-con-la-participacion-de-delegada-presidencial-y-autoridades-regionales\/","title":{"rendered":"En Ushuaia se lleva a cabo el XXVIII Encuentro del Comit\u00e9 de Integraci\u00f3n Austral con la participaci\u00f3n de Delegada Presidencial y autoridades regionales"},"content":{"rendered":"\n<p>La Delegada Presidencial Regional, Luz Berm\u00fadez Sandoval, se encuentra desde esta ma\u00f1ana en Tierra del Fuego Argentina.<\/p>\n\n\n\n<p>INAUS, es una reuni\u00f3n Binacional en la que participan representando a Chile, &nbsp;una delegaci\u00f3n conformada por autoridades de las Regiones de Magallanes y Ays\u00e9n y a Argentina, autoridades de las provincias de Chubut, Santa Cruz y Tierra del Fuego, Ant\u00e1rtida e islas del Atl\u00e1ntico Sur.<\/p>\n\n\n\n<p>El \u00faltimo Comit\u00e9 tuvo lugar el a\u00f1o 2018 en la regi\u00f3n de Ays\u00e9n, y en esta versi\u00f3n 2022, una delegaci\u00f3n de m\u00e1s de 30 personas viajaron desde Magallanes a Ushuaia para ser parte de este relevante y significativo encuentro binacional. Entre ellos y ellas se encuentran los y las Seremis de Energ\u00eda, Desarrollo Social, Hacienda, Medio Ambiente, Salud, Ministerio de Obras P\u00fablicas, Miner\u00eda, Transporte y Trabajo. Asisten, adem\u00e1s, Consejero Regionales, Direcciones de Servicios, Municipalidad de Timaukel.<\/p>\n\n\n\n<p>La instancia que se desarrolla desde el a\u00f1o 1993, &nbsp;tiene como objetivo fomentar la cooperaci\u00f3n entre la Patagonia Chilena y Argentina. El trabajo se realiza mediante la conformaci\u00f3n de comisiones, dentro de las cuales se tratan todos los temas de vinculaci\u00f3n e integraci\u00f3n regional, que involucran a ambos pa\u00edses.<\/p>\n\n\n\n<p>Al respecto, la Delegada Presidencial Regional, Luz Berm\u00fadez Sandoval, manifest\u00f3 su af\u00e1n en que esta sea una jornada productiva con logros positivos para el trabajo en conjunto con el hermano pa\u00eds, enfatizando en que \u201cespero y conf\u00edo en que en este encuentro podamos llegar a acuerdos o proponer caminos en cuanto a nuestros temas de inter\u00e9s com\u00fan, que son muchos, no por nada nos declaramos como naciones hermanas, y no por nada nuestro v\u00ednculo, por razones geogr\u00e1ficas y de cercan\u00eda, han hecho que la conectividad entre ambos pa\u00edses sea m\u00e1s fuerte para muchos de quienes habitamos Magallanes, con Argentina que con Chile. Los hechos cotidianos as\u00ed lo demuestran. La integraci\u00f3n es una realidad construida entre los chilenos y argentinos, que han vivido por d\u00e9cadas y d\u00e9cadas experiencias que nos re\u00fanen, caminos que compartimos y hasta familias binacionales\u201d.<\/p>\n","protected":false},"excerpt":{"rendered":"<p>La Delegada Presidencial Regional, Luz Berm\u00fadez Sandoval, se encuentra desde esta ma\u00f1ana en Tierra del Fuego Argentina. INAUS, es una reuni\u00f3n Binacional en la que participan representando a Chile, &nbsp;una&#8230; <a class=\"read-more\" href=\"https:\/\/www.radiopresidenteibanez.cl\/web\/en-ushuaia-se-lleva-a-cabo-el-xxviii-encuentro-del-comite-de-integracion-austral-con-la-participacion-de-delegada-presidencial-y-autoridades-regionales\/\">Leer m\u00e1s<\/a><\/p>\n","protected":false},"author":2,"featured_media":33728,"comment_status":"closed","ping_status":"closed","sticky":false,"template":"","format":"standard","meta":{"footnotes":""},"categories":[1],"tags":[],"class_list":["post-33727","post","type-post","status-publish","format-standard","has-post-thumbnail","hentry","category-cronica"],"_links":{"self":[{"href":"https:\/\/www.radiopresidenteibanez.cl\/web\/wp-json\/wp\/v2\/posts\/33727","targetHints":{"allow":["GET"]}}],"collection":[{"href":"https:\/\/www.radiopresidenteibanez.cl\/web\/wp-json\/wp\/v2\/posts"}],"about":[{"href":"https:\/\/www.radiopresidenteibanez.cl\/web\/wp-json\/wp\/v2\/types\/post"}],"author":[{"embeddable":true,"href":"https:\/\/www.radiopresidenteibanez.cl\/web\/wp-json\/wp\/v2\/users\/2"}],"replies":[{"embeddable":true,"href":"https:\/\/www.radiopresidenteibanez.cl\/web\/wp-json\/wp\/v2\/comments?post=33727"}],"version-history":[{"count":0,"href":"https:\/\/www.radiopresidenteibanez.cl\/web\/wp-json\/wp\/v2\/posts\/33727\/revisions"}],"wp:featuredmedia":[{"embeddable":true,"href":"https:\/\/www.radiopresidenteibanez.cl\/web\/wp-json\/wp\/v2\/media\/33728"}],"wp:attachment":[{"href":"https:\/\/www.radiopresidenteibanez.cl\/web\/wp-json\/wp\/v2\/media?parent=33727"}],"wp:term":[{"taxonomy":"category","embeddable":true,"href":"https:\/\/www.radiopresidenteibanez.cl\/web\/wp-json\/wp\/v2\/categories?post=33727"},{"taxonomy":"post_tag","embeddable":true,"href":"https:\/\/www.radiopresidenteibanez.cl\/web\/wp-json\/wp\/v2\/tags?post=33727"}],"curies":[{"name":"wp","href":"https:\/\/api.w.org\/{rel}","templated":true}]}}