{"id":33708,"date":"2022-10-24T13:42:00","date_gmt":"2022-10-24T16:42:00","guid":{"rendered":"https:\/\/www.radiopresidenteibanez.cl\/web\/?p=33708"},"modified":"2022-10-23T20:44:50","modified_gmt":"2022-10-23T23:44:50","slug":"punta-arenas-espera-contar-con-el-doble-de-camaras-de-televigilancia-para-el-2023","status":"publish","type":"post","link":"https:\/\/www.radiopresidenteibanez.cl\/web\/punta-arenas-espera-contar-con-el-doble-de-camaras-de-televigilancia-para-el-2023\/","title":{"rendered":"PUNTA ARENAS ESPERA CONTAR CON EL DOBLE DE C\u00c1MARAS DE TELEVIGILANCIA PARA EL 2023\u00a0"},"content":{"rendered":"\n<p>La seguridad p\u00fablica es uno de los temas m\u00e1s importantes en nuestro pa\u00eds, y Magallanes no queda exento de aquello, pese a que los indicadores no son tan alarmantes como en el resto del Chile. Sin embargo, es importante adelantarse y prevenir, para que ello no ocurra.&nbsp;&nbsp;<\/p>\n\n\n\n<p>Es por eso, que el Alcalde Claudio Radonich ha sido insistente en concretar acciones que vayan en esa direcci\u00f3n, golpeando puertas para potenciar el trabajo colaborativo entre instituciones, buscando con ello que la Municipalidad no sea un mero observador de los hechos que ocurren en la comuna, sino que m\u00e1s bien un ente de apoyo y compromiso con los vecinos de Punta Arenas.&nbsp;<\/p>\n\n\n\n<p>Y es precisamente en ese af\u00e1n, que el jefe comunal lleg\u00f3 hasta las oficinas de la Subsecretar\u00eda de Prevenci\u00f3n del Delito en la capital de nuestro pa\u00eds, para reunirse con los equipos t\u00e9cnicos y evaluar posibles acciones que permitan potenciar el rol preventivo en materia de seguridad, pero tambi\u00e9n fortalecer las herramientas con las que hoy se cuentan para mitigar los efectos de los actos de violencia y\/o incivilidades que puedan producirse.&nbsp;<\/p>\n\n\n\n<p>\u201cActualmente, tenemos varios temas pendientes en seguridad p\u00fablica, pero entre ellos destaca la necesidad de potenciar el sector del lado sur de la ciudad, por lo que hemos conversado acerca de buscar la manera de instalar una garita municipal, con el fin de colaborar mientras se prioriza un cuartel policial por parte de quienes corresponda\u201d, adelant\u00f3 Radonich.&nbsp;<\/p>\n\n\n\n<p>Asimismo, la autoridad comunal dijo que \u201cya estamos trabajando en el marco del Programa de Barrios Prioritarios para avanzar temas en el sector sur de la ciudad, pero tambi\u00e9n es primordial avanzar en la instalaci\u00f3n de c\u00e1maras de tele vigilancia, duplicando la cantidad de estos elementos de aqu\u00ed al 2023, pasando de 28 a 56, lo que significar\u00eda aumentar de un 12% a un 24% de cobertura mediante los sistemas de observaci\u00f3n municipal\u201d.&nbsp;&nbsp;<\/p>\n\n\n\n<p>\u201cLa idea y la proyecci\u00f3n que buscamos, es tratar de llegar a un 35 % el a\u00f1o 2024 e instalar c\u00e1maras en los barrios, que permitan que fiscal\u00eda y tribunales tengan m\u00e1s elementos de prueba si se cometen delitos, y as\u00ed entre todos trabajar por tener una comuna m\u00e1s segura\u201d, finaliz\u00f3 el Alcalde.&nbsp;<\/p>\n\n\n\n<p>Por \u00faltimo, y con el af\u00e1n de fortalecer la Seguridad P\u00fablica Municipal, Alejandro Tobar, director de tal \u00e1rea, sostuvo reuniones y visitas a las comunas de Maip\u00fa y Puente Alto junto al concejal Germ\u00e1n Flores, instancia en la cual pudieron observar el trabajo que all\u00ed se desarrolla y como se han ido implementando mejoras en su quehacer diario.&nbsp;<\/p>\n","protected":false},"excerpt":{"rendered":"<p>La seguridad p\u00fablica es uno de los temas m\u00e1s importantes en nuestro pa\u00eds, y Magallanes no queda exento de aquello, pese a que los indicadores no son tan alarmantes como&#8230; <a class=\"read-more\" href=\"https:\/\/www.radiopresidenteibanez.cl\/web\/punta-arenas-espera-contar-con-el-doble-de-camaras-de-televigilancia-para-el-2023\/\">Leer m\u00e1s<\/a><\/p>\n","protected":false},"author":2,"featured_media":33709,"comment_status":"closed","ping_status":"closed","sticky":false,"template":"","format":"standard","meta":{"footnotes":""},"categories":[1],"tags":[],"class_list":["post-33708","post","type-post","status-publish","format-standard","has-post-thumbnail","hentry","category-cronica"],"_links":{"self":[{"href":"https:\/\/www.radiopresidenteibanez.cl\/web\/wp-json\/wp\/v2\/posts\/33708","targetHints":{"allow":["GET"]}}],"collection":[{"href":"https:\/\/www.radiopresidenteibanez.cl\/web\/wp-json\/wp\/v2\/posts"}],"about":[{"href":"https:\/\/www.radiopresidenteibanez.cl\/web\/wp-json\/wp\/v2\/types\/post"}],"author":[{"embeddable":true,"href":"https:\/\/www.radiopresidenteibanez.cl\/web\/wp-json\/wp\/v2\/users\/2"}],"replies":[{"embeddable":true,"href":"https:\/\/www.radiopresidenteibanez.cl\/web\/wp-json\/wp\/v2\/comments?post=33708"}],"version-history":[{"count":0,"href":"https:\/\/www.radiopresidenteibanez.cl\/web\/wp-json\/wp\/v2\/posts\/33708\/revisions"}],"wp:featuredmedia":[{"embeddable":true,"href":"https:\/\/www.radiopresidenteibanez.cl\/web\/wp-json\/wp\/v2\/media\/33709"}],"wp:attachment":[{"href":"https:\/\/www.radiopresidenteibanez.cl\/web\/wp-json\/wp\/v2\/media?parent=33708"}],"wp:term":[{"taxonomy":"category","embeddable":true,"href":"https:\/\/www.radiopresidenteibanez.cl\/web\/wp-json\/wp\/v2\/categories?post=33708"},{"taxonomy":"post_tag","embeddable":true,"href":"https:\/\/www.radiopresidenteibanez.cl\/web\/wp-json\/wp\/v2\/tags?post=33708"}],"curies":[{"name":"wp","href":"https:\/\/api.w.org\/{rel}","templated":true}]}}