{"id":33705,"date":"2022-10-24T12:13:00","date_gmt":"2022-10-24T15:13:00","guid":{"rendered":"https:\/\/www.radiopresidenteibanez.cl\/web\/?p=33705"},"modified":"2022-10-23T20:42:06","modified_gmt":"2022-10-23T23:42:06","slug":"avanza-priorizacion-de-humedales-urbanos-en-cabo-de-hornos","status":"publish","type":"post","link":"https:\/\/www.radiopresidenteibanez.cl\/web\/avanza-priorizacion-de-humedales-urbanos-en-cabo-de-hornos\/","title":{"rendered":"Avanza priorizaci\u00f3n de humedales urbanos en Cabo de Hornos"},"content":{"rendered":"\n<p>Esta semana, la Seremi del Medio Ambiente, Daniela Droguett Caro junto a los profesionales de Recursos Naturales y Biodiversidad, Juan Francisco Pizarro y Francisco Bra\u00f1as realizaron un despliegue por la comuna de Cabo de Hornos con el objetivo de avanzar en la delimitaci\u00f3n de algunos humedales que se ubican dentro del radio urbano, conversar con el Concejo Municipal y sostener una serie de reuniones con organizaciones y autoridades.<\/p>\n\n\n\n<p>La Seremi del Medio Ambiente, Daniela Droguett Caro, explic\u00f3 que \u201cen estos cuatro d\u00edas en terreno en la ciudad de Puerto Williams, hemos trabajado con distintas organizaciones de la comunidad y conociendo las principales problem\u00e1ticas ambientales. Hemos trabajado tambi\u00e9n muy de la mano del municipio y la Delegaci\u00f3n Provincial para poder determinar las \u00e1reas y los sitios prioritarios que podr\u00edan declararse Humedales Urbanos. Adem\u00e1s, nos reunimos con el Jard\u00edn Infantil T\u00e1nana que se encuentra certificado ambientalmente y visitamos el Centro Subant\u00e1rtico, conociendo las investigaciones que se est\u00e1n desarrollando desde el punto de vista del Cambio Clim\u00e1tico\u201d.<\/p>\n\n\n\n<p>La Delegada Presidencial de la Provincia Ant\u00e1rtica, Mar\u00eda Luisa Mu\u00f1oz, destac\u00f3 que \u201cla visita que se realiz\u00f3 es muy relevante. Hoy contamos con un Gobierno Ecol\u00f3gico y por lo tanto, tener a la Seremi ac\u00e1, con su equipo y realizar esta prospecci\u00f3n es muy relevante para mantener estos lugares de resguardo. Se pueden generar proyectos a futuro, generar pasarelas para que la gente pueda circular por un sendero sin intervenirlos. Relevar estos espacios y darlos a conocer\u201d, se\u00f1al\u00f3.<\/p>\n\n\n\n<p>La autoridad ambiental explic\u00f3 que hace algunos meses comenzaron a&nbsp; trabajar con vecinos, vecinas y profesionales de la Municipalidad de Cabo de Hornos en la delimitaci\u00f3n de ecosistemas que podr\u00edan protegerse de acuerdo a la Ley de Humedales Urbanos. \u201cEste proceso comenz\u00f3 en pandemia. Tanto la comunidad, como el municipio, manifestaron el inter\u00e9s de declarar algunos humedales urbanos y avanzar en un plan de gesti\u00f3n que desde la Seremi del Medio Ambiente hemos apoyado. Hoy vinimos a verificar estos sitios en terreno, armar el pol\u00edgono y revisar parte de las amenazas que ellos tienen\u201d, explic\u00f3 Droguett. Adem\u00e1s, present\u00f3 al Concejo Municipal el trabajo realizado junto a los vecinos y vecinas para que en un futuro sean nombrados formalmente los primeros humedales urbanos de Cabo de Hornos de acuerdo a la Ley 21.202.<\/p>\n\n\n\n<p>Por su parte, Melisa Ga\u00f1an, vecina que impuls\u00f3 esta colaboraci\u00f3n manifest\u00f3 que, \u201ca ra\u00edz que se declarara la Ley de Humedales Urbanos, varios vecinos y vecinas empezamos a preocuparnos de los humedales que est\u00e1n dentro de la ciudad; qu\u00e9 pasar\u00eda con ellos, si pod\u00edan tener alg\u00fan tipo de protecci\u00f3n y empezamos a investigar, a reunirnos y nos contactamos con los profesionales encargados. Se han realizado reuniones t\u00e9cnicas y con la comunidad, donde hemos podido compartir el trabajo realizado y ahora estamos en el proceso de delimitar en terreno estos sitios. Los humedales urbanos en general son ecosistemas muy importantes porque retienen el agua y adem\u00e1s, sabemos que retienen el CO2\u201d.<\/p>\n\n\n\n<p>La agenda de la autoridad ambiental culmin\u00f3 con la conformaci\u00f3n del Comit\u00e9 Ambiental Comunal de Cabo de Hornos, \u00f3rgano participativo esencial para la gesti\u00f3n ambiental local, cuyos principios son la participaci\u00f3n, la corresponsabilidad, la prevenci\u00f3n y el seguimiento.<\/p>\n","protected":false},"excerpt":{"rendered":"<p>Esta semana, la Seremi del Medio Ambiente, Daniela Droguett Caro junto a los profesionales de Recursos Naturales y Biodiversidad, Juan Francisco Pizarro y Francisco Bra\u00f1as realizaron un despliegue por la&#8230; <a class=\"read-more\" href=\"https:\/\/www.radiopresidenteibanez.cl\/web\/avanza-priorizacion-de-humedales-urbanos-en-cabo-de-hornos\/\">Leer m\u00e1s<\/a><\/p>\n","protected":false},"author":2,"featured_media":33706,"comment_status":"closed","ping_status":"closed","sticky":false,"template":"","format":"standard","meta":{"footnotes":""},"categories":[1],"tags":[],"class_list":["post-33705","post","type-post","status-publish","format-standard","has-post-thumbnail","hentry","category-cronica"],"_links":{"self":[{"href":"https:\/\/www.radiopresidenteibanez.cl\/web\/wp-json\/wp\/v2\/posts\/33705","targetHints":{"allow":["GET"]}}],"collection":[{"href":"https:\/\/www.radiopresidenteibanez.cl\/web\/wp-json\/wp\/v2\/posts"}],"about":[{"href":"https:\/\/www.radiopresidenteibanez.cl\/web\/wp-json\/wp\/v2\/types\/post"}],"author":[{"embeddable":true,"href":"https:\/\/www.radiopresidenteibanez.cl\/web\/wp-json\/wp\/v2\/users\/2"}],"replies":[{"embeddable":true,"href":"https:\/\/www.radiopresidenteibanez.cl\/web\/wp-json\/wp\/v2\/comments?post=33705"}],"version-history":[{"count":0,"href":"https:\/\/www.radiopresidenteibanez.cl\/web\/wp-json\/wp\/v2\/posts\/33705\/revisions"}],"wp:featuredmedia":[{"embeddable":true,"href":"https:\/\/www.radiopresidenteibanez.cl\/web\/wp-json\/wp\/v2\/media\/33706"}],"wp:attachment":[{"href":"https:\/\/www.radiopresidenteibanez.cl\/web\/wp-json\/wp\/v2\/media?parent=33705"}],"wp:term":[{"taxonomy":"category","embeddable":true,"href":"https:\/\/www.radiopresidenteibanez.cl\/web\/wp-json\/wp\/v2\/categories?post=33705"},{"taxonomy":"post_tag","embeddable":true,"href":"https:\/\/www.radiopresidenteibanez.cl\/web\/wp-json\/wp\/v2\/tags?post=33705"}],"curies":[{"name":"wp","href":"https:\/\/api.w.org\/{rel}","templated":true}]}}