{"id":33702,"date":"2022-10-24T11:20:00","date_gmt":"2022-10-24T14:20:00","guid":{"rendered":"https:\/\/www.radiopresidenteibanez.cl\/web\/?p=33702"},"modified":"2022-10-23T20:38:15","modified_gmt":"2022-10-23T23:38:15","slug":"un-centenar-de-personas-participaron-en-la-caminata-familiar-del-adulto-mayor-organizada-por-el-municipio-de-punta-arenas","status":"publish","type":"post","link":"https:\/\/www.radiopresidenteibanez.cl\/web\/un-centenar-de-personas-participaron-en-la-caminata-familiar-del-adulto-mayor-organizada-por-el-municipio-de-punta-arenas\/","title":{"rendered":"Un centenar de personas participaron en la Caminata Familiar del Adulto Mayor organizada por el Municipio de Punta Arenas"},"content":{"rendered":"\n<p>M\u00e1s de cien personas participaron, este domingo (23 de octubre), de la tradicional Caminata Familiar del Adulto Mayor, organizada desde la Direcci\u00f3n de Desarrollo Comunitario del Municipio de Punta Arenas, en el marco de la conmemoraci\u00f3n del Mes de las Personas Mayores.<br>El circuito consist\u00eda en 1 kil\u00f3metro de caminata, en el espacio comprendido en Avenida Salvador Allende, entre calles Augusto Lutz y Eberhard.<br>\u201cEn la celebraci\u00f3n de este mes de los adultos mayores hemos querido sumar esta actividad que es una caminata familiar en la que los hemos invitado a participar y han llegado adultos mayores con familias, como vemos muy entusiastas, muy contentos, y con bastante \u00e1nimo de poder hacer esta caminata en un sector que est\u00e1 delimitado y adem\u00e1s baile entretenido, zumba, que les ha permitido tener una ma\u00f1ana relajada y donde todos pueden participar\u201d, afirm\u00f3 la directora de Desarrollo Comunitario del Municipio de Punta Arenas, Elena Blackwood.<br>Los asistentes se manifestaron muy contentos de todas las actividades que se est\u00e1n realizando y, en este caso, de poder llevar a cabo actividad f\u00edsica.<br>\u201cMe ha parecido muy bien. Ahora \u00faltimo yo estoy participando en estas caminatas porque a m\u00ed me operaron de la rodilla y reci\u00e9n estoy retomando, estoy en rehabilitaci\u00f3n. Entonces, ped\u00ed autorizaci\u00f3n para hacer esto y me dijeron que s\u00ed y gracias a Dios sali\u00f3 todo bien, excelente, muy buena iniciativa\u201d, indic\u00f3 Solange Mu\u00f1oz, una de las participantes.<br>En tanto, Olivia Ojeda, se\u00f1al\u00f3 que \u201cyo hago gimnasia todas las semanas, as\u00ed que bueno, muy bueno salir de la casa\u201d.<br>Finalmente, Nidia Gonz\u00e1lez, precis\u00f3 que \u201cpara m\u00ed ha sido muy interesante, porque as\u00ed los adultos mayores nos mantenemos vigentes. Junto con eso, como es una caminata familiar uno puede venir con sus familias y es interesante porque entre m\u00e1s ejercicios, m\u00e1s actividades hagamos al aire libre, mejor es nuestra salud, as\u00ed que yo agradezco a la Municipalidad y a todo el equipo organizador porque de verdad ha sido maravilloso, y el d\u00eda tambi\u00e9n nos acompa\u00f1\u00f3\u201d.<br>La actividad cont\u00f3 con baile y premios sorpresa para los asistentes.<\/p>\n\n\n\n<p>Teatro<br>Previo a la caminata, el s\u00e1bado (22 de octubre), los adultos mayores pudieron participar de la obra de teatro Molly Bloom, protagonizada por la actriz Gabriela Hern\u00e1ndez, que cont\u00f3 con un Teatro Municipal lleno.<br>Adem\u00e1s, la actriz, conocida por una extensa carrera teatral y televisiva, dict\u00f3 un taller donde participaron 30 adultos mayores de la comuna. \u201cEstuvo hermoso, hermoso. Me hizo acordar de cuando yo era joven y ten\u00eda 21 a\u00f1os, yo cuid\u00e9 a 60 ancianos del Hogar de Ancianos. Entonces, s\u00e9 lo que es ser adulto mayor, ah\u00ed aprend\u00ed mucho. Y me siento feliz por poder compartir esto\u201d, se\u00f1al\u00f3 Mar\u00eda Elena Valenzuela, de 71 a\u00f1os, quien tambi\u00e9n disfrut\u00f3 el domingo de la tradicional Caminata del Adulto Mayor.<br>Las actividades continuar\u00e1n el 28 y 29 de octubre, a las 19 horas en el Teatro Municipal Jos\u00e9 Bohr, con el Festival del Adulto Mayor, que permitir\u00e1 que, a trav\u00e9s del arte y la cultura, los adultos mayores se vuelvan a reunir para dar a conocer sus talentos y creatividad.<br>Finalmente, el 30 de octubre, a las 19 horas, en el Teatro Municipal Jos\u00e9 Bohr, se llevar\u00e1 a cabo el Concierto de Boleros del grupo nacional \u201cLa Flor del Recuerdo\u201d, banda nacional de connotada trayectoria, que incorpora piezas del recuerdo, de gran belleza y complejidad, uniendo la exploraci\u00f3n de nuevas sonoridades instrumentales.<\/p>\n","protected":false},"excerpt":{"rendered":"<p>M\u00e1s de cien personas participaron, este domingo (23 de octubre), de la tradicional Caminata Familiar del Adulto Mayor, organizada desde la Direcci\u00f3n de Desarrollo Comunitario del Municipio de Punta Arenas,&#8230; <a class=\"read-more\" href=\"https:\/\/www.radiopresidenteibanez.cl\/web\/un-centenar-de-personas-participaron-en-la-caminata-familiar-del-adulto-mayor-organizada-por-el-municipio-de-punta-arenas\/\">Leer m\u00e1s<\/a><\/p>\n","protected":false},"author":2,"featured_media":33703,"comment_status":"closed","ping_status":"closed","sticky":false,"template":"","format":"standard","meta":{"footnotes":""},"categories":[1],"tags":[],"class_list":["post-33702","post","type-post","status-publish","format-standard","has-post-thumbnail","hentry","category-cronica"],"_links":{"self":[{"href":"https:\/\/www.radiopresidenteibanez.cl\/web\/wp-json\/wp\/v2\/posts\/33702","targetHints":{"allow":["GET"]}}],"collection":[{"href":"https:\/\/www.radiopresidenteibanez.cl\/web\/wp-json\/wp\/v2\/posts"}],"about":[{"href":"https:\/\/www.radiopresidenteibanez.cl\/web\/wp-json\/wp\/v2\/types\/post"}],"author":[{"embeddable":true,"href":"https:\/\/www.radiopresidenteibanez.cl\/web\/wp-json\/wp\/v2\/users\/2"}],"replies":[{"embeddable":true,"href":"https:\/\/www.radiopresidenteibanez.cl\/web\/wp-json\/wp\/v2\/comments?post=33702"}],"version-history":[{"count":0,"href":"https:\/\/www.radiopresidenteibanez.cl\/web\/wp-json\/wp\/v2\/posts\/33702\/revisions"}],"wp:featuredmedia":[{"embeddable":true,"href":"https:\/\/www.radiopresidenteibanez.cl\/web\/wp-json\/wp\/v2\/media\/33703"}],"wp:attachment":[{"href":"https:\/\/www.radiopresidenteibanez.cl\/web\/wp-json\/wp\/v2\/media?parent=33702"}],"wp:term":[{"taxonomy":"category","embeddable":true,"href":"https:\/\/www.radiopresidenteibanez.cl\/web\/wp-json\/wp\/v2\/categories?post=33702"},{"taxonomy":"post_tag","embeddable":true,"href":"https:\/\/www.radiopresidenteibanez.cl\/web\/wp-json\/wp\/v2\/tags?post=33702"}],"curies":[{"name":"wp","href":"https:\/\/api.w.org\/{rel}","templated":true}]}}