{"id":33696,"date":"2022-10-24T10:27:00","date_gmt":"2022-10-24T13:27:00","guid":{"rendered":"https:\/\/www.radiopresidenteibanez.cl\/web\/?p=33696"},"modified":"2022-10-23T20:30:08","modified_gmt":"2022-10-23T23:30:08","slug":"cft-de-magallanes-e-insuco-de-punta-arenas-firman-convenio-de-continuidad-en-especialidades-de-administracion","status":"publish","type":"post","link":"https:\/\/www.radiopresidenteibanez.cl\/web\/cft-de-magallanes-e-insuco-de-punta-arenas-firman-convenio-de-continuidad-en-especialidades-de-administracion\/","title":{"rendered":"CFT de Magallanes e Insuco de Punta Arenas firman convenio de continuidad en especialidades de Administraci\u00f3n"},"content":{"rendered":"\n<p>Un nuevo convenio de articulaci\u00f3n educativa suscribi\u00f3 el Centro de Formaci\u00f3n T\u00e9cnica Estatal (CFT) de Magallanes, ahora con el Instituto Superior de Comercio (Insuco) de Punta Arenas, acuerdo orientado a facilitar la continuidad de estudios para estudiantes secundarios de las especialidades de Administraci\u00f3n menci\u00f3n Log\u00edstica y Recursos Humanos. Quienes deseen dar continuidad a sus estudios superiores en el CFT podr\u00e1n acceder a la validaci\u00f3n de los conocimientos ya adquiridos durante la ense\u00f1anza media en sus diferentes \u00e1reas.<\/p>\n\n\n\n<p>\u201cPara nosotros es un gran avance el firmar este convenio, lo vemos como un elemento super importante para nuestros estudiantes. Estas cooperaciones que se hacen entre instituciones p\u00fablicas es super importante para el desarrollo de nuestros estudiantes\u201d, coment\u00f3 el director del Insuco, Guillermo D\u00edaz.<\/p>\n\n\n\n<p>El compromiso mutuo entre ambas instituciones permite brindar acompa\u00f1amiento a las y los estudiantes que deseen postular al CFT Estatal de Magallanes, inclusive durante el proceso de postulaci\u00f3n y acceso a beneficios y becas del Estado.<\/p>\n\n\n\n<p>De igual manera, al ser reconocidos algunos m\u00f3dulos de las especialidades del Insuco en las mallas de las carreras articuladas de TNS en Administraci\u00f3n P\u00fablica o TNS en Administraci\u00f3n de Sistemas Log\u00edsticos, permitir\u00e1 a los estudiantes acortar la duraci\u00f3n de sus carreras.<\/p>\n\n\n\n<p>La firma del convenio vino a concretar una serie de trabajo colaborativo que Insuco y CFT han venido ejecutando desde hace tiempo, as\u00ed lo afirm\u00f3 el rector de la casa de estudios, Christian Quezada, quien adem\u00e1s coment\u00f3: \u201cCon esto se reconocer\u00e1n las competencias acad\u00e9micas incorporadas en el proceso formativo del liceo, con eso podemos acortar la trayectoria formativa, podemos dar mayor facilidad para el ingreso y continuidad en la educaci\u00f3n superior, y adem\u00e1s con programas pertinentes, flexibles y adecuados para estudiantes egresados de la educaci\u00f3n t\u00e9cnico profesional, pero tambi\u00e9n dirigido a quienes desean trabajar o tienen una familiar por la cual velar\u201d.<\/p>\n","protected":false},"excerpt":{"rendered":"<p>Un nuevo convenio de articulaci\u00f3n educativa suscribi\u00f3 el Centro de Formaci\u00f3n T\u00e9cnica Estatal (CFT) de Magallanes, ahora con el Instituto Superior de Comercio (Insuco) de Punta Arenas, acuerdo orientado a&#8230; <a class=\"read-more\" href=\"https:\/\/www.radiopresidenteibanez.cl\/web\/cft-de-magallanes-e-insuco-de-punta-arenas-firman-convenio-de-continuidad-en-especialidades-de-administracion\/\">Leer m\u00e1s<\/a><\/p>\n","protected":false},"author":2,"featured_media":33697,"comment_status":"closed","ping_status":"closed","sticky":false,"template":"","format":"standard","meta":{"footnotes":""},"categories":[1],"tags":[],"class_list":["post-33696","post","type-post","status-publish","format-standard","has-post-thumbnail","hentry","category-cronica"],"_links":{"self":[{"href":"https:\/\/www.radiopresidenteibanez.cl\/web\/wp-json\/wp\/v2\/posts\/33696","targetHints":{"allow":["GET"]}}],"collection":[{"href":"https:\/\/www.radiopresidenteibanez.cl\/web\/wp-json\/wp\/v2\/posts"}],"about":[{"href":"https:\/\/www.radiopresidenteibanez.cl\/web\/wp-json\/wp\/v2\/types\/post"}],"author":[{"embeddable":true,"href":"https:\/\/www.radiopresidenteibanez.cl\/web\/wp-json\/wp\/v2\/users\/2"}],"replies":[{"embeddable":true,"href":"https:\/\/www.radiopresidenteibanez.cl\/web\/wp-json\/wp\/v2\/comments?post=33696"}],"version-history":[{"count":0,"href":"https:\/\/www.radiopresidenteibanez.cl\/web\/wp-json\/wp\/v2\/posts\/33696\/revisions"}],"wp:featuredmedia":[{"embeddable":true,"href":"https:\/\/www.radiopresidenteibanez.cl\/web\/wp-json\/wp\/v2\/media\/33697"}],"wp:attachment":[{"href":"https:\/\/www.radiopresidenteibanez.cl\/web\/wp-json\/wp\/v2\/media?parent=33696"}],"wp:term":[{"taxonomy":"category","embeddable":true,"href":"https:\/\/www.radiopresidenteibanez.cl\/web\/wp-json\/wp\/v2\/categories?post=33696"},{"taxonomy":"post_tag","embeddable":true,"href":"https:\/\/www.radiopresidenteibanez.cl\/web\/wp-json\/wp\/v2\/tags?post=33696"}],"curies":[{"name":"wp","href":"https:\/\/api.w.org\/{rel}","templated":true}]}}