{"id":33659,"date":"2022-10-22T10:47:00","date_gmt":"2022-10-22T13:47:00","guid":{"rendered":"https:\/\/www.radiopresidenteibanez.cl\/web\/?p=33659"},"modified":"2022-10-22T10:38:12","modified_gmt":"2022-10-22T13:38:12","slug":"invitan-a-seminario-sobre-acuerdo-de-escazu-democratizacion-de-la-informacion-y-proteccion-a-defensoras-ambientales","status":"publish","type":"post","link":"https:\/\/www.radiopresidenteibanez.cl\/web\/invitan-a-seminario-sobre-acuerdo-de-escazu-democratizacion-de-la-informacion-y-proteccion-a-defensoras-ambientales\/","title":{"rendered":"Invitan a Seminario sobre Acuerdo de Escaz\u00fa, democratizaci\u00f3n de la informaci\u00f3n y protecci\u00f3n a defensoras ambientales"},"content":{"rendered":"\n<p>El pr\u00f3ximo viernes 28 de octubre a las 16:30 hrs. en el Centro Cultural Municipal Claudio Paredes Chamorro se realizar\u00e1 el Seminario \u201cAcuerdo de Escaz\u00fa en Magallanes: por un futuro sustentable y respetuoso de sus comunidades\u201d. El evento comenzar\u00e1 con la charla magistral de Constance Nalegash Romero, impulsora y negociadora del Acuerdo de Escaz\u00fa en Chile y jefa de la Oficina de Asuntos Internacionales del Ministerio del Medio Ambiente. Posteriormente, se conocer\u00e1n las experiencias de las defensoras ambientales Gabriela Simonetti Grez y Leticia Caro Kogler y del acad\u00e9mico de la Universidad de Magallanes, Alejandro N\u00fa\u00f1ez.<\/p>\n\n\n\n<p>La Seremi del Medio Ambiente, Daniela Droguett Caro invit\u00f3 a la comunidad a participar y destac\u00f3 la relevancia de firmar el tratado ambiental m\u00e1s importante de Latinoam\u00e9rica y el Caribe. \u201cComo gobierno queremos de avanzar en un nuevo modelo de desarrollo. Queremos poner a la naturaleza y a las personas en el centro de las decisiones y el Acuerdo de Escaz\u00fa es una pieza clave en ese objetivo, porque promover\u00e1 m\u00e1s y mejor participaci\u00f3n e informaci\u00f3n de la ciudadan\u00eda. Adem\u00e1s, protege a las y los defensores de Derechos Humanos en asuntos ambientales\u201d, explic\u00f3.<\/p>\n\n\n\n<p>Por su parte, Cristian Figueroa Fuentealba, Jefe Regional del Instituto Nacional de Derechos Humanos, se\u00f1al\u00f3 que \u201ccreemos sumamente relevante el informar a toda la ciudadan\u00eda acerca de los alcances de este acuerdo y reflexionar acerca del impacto que tendr\u00e1 en nuestra regi\u00f3n. La educaci\u00f3n en derechos humanos es fundamental y este acuerdo releva este punto, lo promueve como un pilar trascendental, integrando adem\u00e1s&nbsp; &nbsp;otro aspecto central,&nbsp; vinculado a la participaci\u00f3n y al acceso a la justicia. Hoy partimos con las organizaciones de la sociedad civil que tanto han trabajado en educaci\u00f3n ambiental, interpelando de manera permanente a las estructuras encargadas de la toma de decisiones y promoci\u00f3n de pol\u00edticas p\u00fablicas en nuestro pa\u00eds\u00bb.<\/p>\n\n\n\n<p>El Seminario \u201cAcuerdo de Escaz\u00fa en Magallanes: por un futuro sustentable y respetuoso de sus comunidades\u201d se realizar\u00e1 el viernes 28 de octubre a las 16:30 hrs. en el Centro Cultural Municipal Claudio Paredes Chamorro y para participar se debe inscribir en el correo electr\u00f3nico oficinadepartesmagallanes@mma.gob.cl<\/p>\n\n\n\n<p><strong>Acuerdo de Escaz\u00fa &nbsp;<\/strong><\/p>\n\n\n\n<p>El Acuerdo Regional sobre el Acceso a la Informaci\u00f3n, la Participaci\u00f3n P\u00fablica y el Acceso a la Justicia en Asuntos Ambientales en Am\u00e9rica Latina y el Caribe, conocido como el Acuerdo de Escaz\u00fa (AE), tiene como objetivo garantizar la implementaci\u00f3n plena y efectiva en Am\u00e9rica Latina y el Caribe de los derechos de acceso a la informaci\u00f3n ambiental, participaci\u00f3n p\u00fablica en los procesos de toma de decisiones ambientales y acceso a la justicia en asuntos ambientales, as\u00ed como la creaci\u00f3n y el fortalecimiento de las capacidades y la cooperaci\u00f3n, contribuyendo a la protecci\u00f3n del derecho de cada persona, de las generaciones presentes y futuras, a vivir en un medio ambiente sano y al desarrollo sostenible.<\/p>\n","protected":false},"excerpt":{"rendered":"<p>El pr\u00f3ximo viernes 28 de octubre a las 16:30 hrs. en el Centro Cultural Municipal Claudio Paredes Chamorro se realizar\u00e1 el Seminario \u201cAcuerdo de Escaz\u00fa en Magallanes: por un futuro&#8230; <a class=\"read-more\" href=\"https:\/\/www.radiopresidenteibanez.cl\/web\/invitan-a-seminario-sobre-acuerdo-de-escazu-democratizacion-de-la-informacion-y-proteccion-a-defensoras-ambientales\/\">Leer m\u00e1s<\/a><\/p>\n","protected":false},"author":2,"featured_media":33660,"comment_status":"closed","ping_status":"closed","sticky":false,"template":"","format":"standard","meta":{"footnotes":""},"categories":[1],"tags":[],"class_list":["post-33659","post","type-post","status-publish","format-standard","has-post-thumbnail","hentry","category-cronica"],"_links":{"self":[{"href":"https:\/\/www.radiopresidenteibanez.cl\/web\/wp-json\/wp\/v2\/posts\/33659","targetHints":{"allow":["GET"]}}],"collection":[{"href":"https:\/\/www.radiopresidenteibanez.cl\/web\/wp-json\/wp\/v2\/posts"}],"about":[{"href":"https:\/\/www.radiopresidenteibanez.cl\/web\/wp-json\/wp\/v2\/types\/post"}],"author":[{"embeddable":true,"href":"https:\/\/www.radiopresidenteibanez.cl\/web\/wp-json\/wp\/v2\/users\/2"}],"replies":[{"embeddable":true,"href":"https:\/\/www.radiopresidenteibanez.cl\/web\/wp-json\/wp\/v2\/comments?post=33659"}],"version-history":[{"count":0,"href":"https:\/\/www.radiopresidenteibanez.cl\/web\/wp-json\/wp\/v2\/posts\/33659\/revisions"}],"wp:featuredmedia":[{"embeddable":true,"href":"https:\/\/www.radiopresidenteibanez.cl\/web\/wp-json\/wp\/v2\/media\/33660"}],"wp:attachment":[{"href":"https:\/\/www.radiopresidenteibanez.cl\/web\/wp-json\/wp\/v2\/media?parent=33659"}],"wp:term":[{"taxonomy":"category","embeddable":true,"href":"https:\/\/www.radiopresidenteibanez.cl\/web\/wp-json\/wp\/v2\/categories?post=33659"},{"taxonomy":"post_tag","embeddable":true,"href":"https:\/\/www.radiopresidenteibanez.cl\/web\/wp-json\/wp\/v2\/tags?post=33659"}],"curies":[{"name":"wp","href":"https:\/\/api.w.org\/{rel}","templated":true}]}}