{"id":3363,"date":"2019-04-14T20:14:22","date_gmt":"2019-04-14T20:14:22","guid":{"rendered":"http:\/\/www.radiopresidenteibanez.cl\/web\/?p=3363"},"modified":"2019-04-14T20:35:21","modified_gmt":"2019-04-14T20:35:21","slug":"6-personas-lesionadas-en-colision-entre-vehiculo-particular-y-colectivo","status":"publish","type":"post","link":"https:\/\/www.radiopresidenteibanez.cl\/web\/6-personas-lesionadas-en-colision-entre-vehiculo-particular-y-colectivo\/","title":{"rendered":"6 PERSONAS LESIONADAS EN COLISI\u00d3N ENTRE VEH\u00cdCULO PARTICULAR Y COLECTIVO"},"content":{"rendered":"\n<p>Pasada las 16 horas, una fuerte colisi\u00f3n se produjo en las\nintersecciones de las calles Chilo\u00e9 con Pedro Sarmiento de Gamboa, en la oportunidad\nse vieron involucrados un veh\u00edculo particular que impact\u00f3 a un colectivo de la l\u00ednea\n800, en la ocasi\u00f3n el primer autom\u00f3vil al irse sobre la vereda paso a llevar a\nuna peatona que sufri\u00f3 graves lesiones en una de sus piernas, mientras que\notras cinco personas que iban al interior de los autos sufrieron lesiones de car\u00e1cter\nleves.<\/p>\n\n\n\n<p>Hasta el lugar debieron concurrir voluntarios bomberiles, personal de Carabineros y Samu, para realizar los trabajos correspondientes, los lesionados debieron ser trasladados hasta las dependencias del Hospital Cl\u00ednico de Magallanes.<\/p>\n\n\n\n<p>Personal policial se encuentra realizando las pericias correspondientes en el lugar.<\/p>\n\n\n\n<figure class=\"wp-block-image\"><img loading=\"lazy\" decoding=\"async\" width=\"982\" height=\"594\" src=\"https:\/\/www.radiopresidenteibanez.cl\/web\/wp-content\/uploads\/2019\/04\/IMG-20190414-WA0024.jpg\" alt=\"\" class=\"wp-image-3364\" srcset=\"https:\/\/www.radiopresidenteibanez.cl\/web\/wp-content\/uploads\/2019\/04\/IMG-20190414-WA0024.jpg 982w, https:\/\/www.radiopresidenteibanez.cl\/web\/wp-content\/uploads\/2019\/04\/IMG-20190414-WA0024-300x181.jpg 300w, https:\/\/www.radiopresidenteibanez.cl\/web\/wp-content\/uploads\/2019\/04\/IMG-20190414-WA0024-768x465.jpg 768w\" sizes=\"auto, (max-width: 982px) 100vw, 982px\" \/><\/figure>\n","protected":false},"excerpt":{"rendered":"<p>Pasada las 16 horas, una fuerte colisi\u00f3n se produjo en las intersecciones de las calles Chilo\u00e9 con Pedro Sarmiento de Gamboa, en la oportunidad se vieron involucrados un veh\u00edculo particular&#8230; <a class=\"read-more\" href=\"https:\/\/www.radiopresidenteibanez.cl\/web\/6-personas-lesionadas-en-colision-entre-vehiculo-particular-y-colectivo\/\">Leer m\u00e1s<\/a><\/p>\n","protected":false},"author":2,"featured_media":3364,"comment_status":"closed","ping_status":"closed","sticky":false,"template":"","format":"standard","meta":{"footnotes":""},"categories":[1],"tags":[],"class_list":["post-3363","post","type-post","status-publish","format-standard","has-post-thumbnail","hentry","category-cronica"],"_links":{"self":[{"href":"https:\/\/www.radiopresidenteibanez.cl\/web\/wp-json\/wp\/v2\/posts\/3363","targetHints":{"allow":["GET"]}}],"collection":[{"href":"https:\/\/www.radiopresidenteibanez.cl\/web\/wp-json\/wp\/v2\/posts"}],"about":[{"href":"https:\/\/www.radiopresidenteibanez.cl\/web\/wp-json\/wp\/v2\/types\/post"}],"author":[{"embeddable":true,"href":"https:\/\/www.radiopresidenteibanez.cl\/web\/wp-json\/wp\/v2\/users\/2"}],"replies":[{"embeddable":true,"href":"https:\/\/www.radiopresidenteibanez.cl\/web\/wp-json\/wp\/v2\/comments?post=3363"}],"version-history":[{"count":0,"href":"https:\/\/www.radiopresidenteibanez.cl\/web\/wp-json\/wp\/v2\/posts\/3363\/revisions"}],"wp:featuredmedia":[{"embeddable":true,"href":"https:\/\/www.radiopresidenteibanez.cl\/web\/wp-json\/wp\/v2\/media\/3364"}],"wp:attachment":[{"href":"https:\/\/www.radiopresidenteibanez.cl\/web\/wp-json\/wp\/v2\/media?parent=3363"}],"wp:term":[{"taxonomy":"category","embeddable":true,"href":"https:\/\/www.radiopresidenteibanez.cl\/web\/wp-json\/wp\/v2\/categories?post=3363"},{"taxonomy":"post_tag","embeddable":true,"href":"https:\/\/www.radiopresidenteibanez.cl\/web\/wp-json\/wp\/v2\/tags?post=3363"}],"curies":[{"name":"wp","href":"https:\/\/api.w.org\/{rel}","templated":true}]}}