{"id":33619,"date":"2022-10-20T17:13:00","date_gmt":"2022-10-20T20:13:00","guid":{"rendered":"https:\/\/www.radiopresidenteibanez.cl\/web\/?p=33619"},"modified":"2022-10-20T17:02:38","modified_gmt":"2022-10-20T20:02:38","slug":"con-una-amplia-participacion-se-desarrollo-en-la-comuna-de-porvenir-el-carnaval-de-salud-mental-que-conto-con-la-participacion-de-la-empresa-bakkavor","status":"publish","type":"post","link":"https:\/\/www.radiopresidenteibanez.cl\/web\/con-una-amplia-participacion-se-desarrollo-en-la-comuna-de-porvenir-el-carnaval-de-salud-mental-que-conto-con-la-participacion-de-la-empresa-bakkavor\/","title":{"rendered":"Con una amplia participaci\u00f3n se desarroll\u00f3 en la comuna de Porvenir el carnaval de salud mental que cont\u00f3 con la participacion de la empresa Bakkavor"},"content":{"rendered":"\n<p>La tarde del mi\u00e9rcoles se efectu\u00f3 el carnaval de la salud mental con el fin de conmemorar el \u201cD\u00eda Internacional de la Salud Mental\u201d y que es promovido por la Organizaci\u00f3n Mundial de la Salud y relevar entre la ciudadan\u00eda la importancia de avanzar en el cuidado y protecci\u00f3n de nuestro bienestar psicol\u00f3gico, f\u00edsico y social.<br>A esta actividad desarrollada en el gimnasio del Liceo Hernando de Magallanes se sumaron tanto estudiantes como profesores de los distintos establecimientos educacionales de nuestra comuna, como as\u00ed mismos adultos mayores y la presencia de las autoridades de la provincia encabezadas por la delegada presidencial de la provincia de Tierra del Fuego: Karim Fierro Brstilo y el alcalde de la comuna Jos\u00e9 Gabriel Parada.<br>Junto a ellos tambi\u00e9n quiso estar presente la reconocida empresa fueguina Bakkavor representada por su gerente general M\u00f3nica C\u00e1rdenas y la ejecutiva Andrea Monge; en un stand, regal\u00f3 todo tipo de productos saludables como ser frutas, barras de cereales, jugos y agua de forma de fomentar en los distintos grupos etarios una alimentaci\u00f3n que sea amigable con el cuerpo humano.<br>En total fueron cerca de 20 instituciones que estuvieron presentes de este carnaval de la salud mental y que fue catalogado como todo un \u00e9xito por sus organizadores.<\/p>\n","protected":false},"excerpt":{"rendered":"<p>La tarde del mi\u00e9rcoles se efectu\u00f3 el carnaval de la salud mental con el fin de conmemorar el \u201cD\u00eda Internacional de la Salud Mental\u201d y que es promovido por la&#8230; <a class=\"read-more\" href=\"https:\/\/www.radiopresidenteibanez.cl\/web\/con-una-amplia-participacion-se-desarrollo-en-la-comuna-de-porvenir-el-carnaval-de-salud-mental-que-conto-con-la-participacion-de-la-empresa-bakkavor\/\">Leer m\u00e1s<\/a><\/p>\n","protected":false},"author":2,"featured_media":33620,"comment_status":"closed","ping_status":"closed","sticky":false,"template":"","format":"standard","meta":{"footnotes":""},"categories":[1],"tags":[],"class_list":["post-33619","post","type-post","status-publish","format-standard","has-post-thumbnail","hentry","category-cronica"],"_links":{"self":[{"href":"https:\/\/www.radiopresidenteibanez.cl\/web\/wp-json\/wp\/v2\/posts\/33619","targetHints":{"allow":["GET"]}}],"collection":[{"href":"https:\/\/www.radiopresidenteibanez.cl\/web\/wp-json\/wp\/v2\/posts"}],"about":[{"href":"https:\/\/www.radiopresidenteibanez.cl\/web\/wp-json\/wp\/v2\/types\/post"}],"author":[{"embeddable":true,"href":"https:\/\/www.radiopresidenteibanez.cl\/web\/wp-json\/wp\/v2\/users\/2"}],"replies":[{"embeddable":true,"href":"https:\/\/www.radiopresidenteibanez.cl\/web\/wp-json\/wp\/v2\/comments?post=33619"}],"version-history":[{"count":0,"href":"https:\/\/www.radiopresidenteibanez.cl\/web\/wp-json\/wp\/v2\/posts\/33619\/revisions"}],"wp:featuredmedia":[{"embeddable":true,"href":"https:\/\/www.radiopresidenteibanez.cl\/web\/wp-json\/wp\/v2\/media\/33620"}],"wp:attachment":[{"href":"https:\/\/www.radiopresidenteibanez.cl\/web\/wp-json\/wp\/v2\/media?parent=33619"}],"wp:term":[{"taxonomy":"category","embeddable":true,"href":"https:\/\/www.radiopresidenteibanez.cl\/web\/wp-json\/wp\/v2\/categories?post=33619"},{"taxonomy":"post_tag","embeddable":true,"href":"https:\/\/www.radiopresidenteibanez.cl\/web\/wp-json\/wp\/v2\/tags?post=33619"}],"curies":[{"name":"wp","href":"https:\/\/api.w.org\/{rel}","templated":true}]}}