{"id":33616,"date":"2022-10-20T19:47:00","date_gmt":"2022-10-20T22:47:00","guid":{"rendered":"https:\/\/www.radiopresidenteibanez.cl\/web\/?p=33616"},"modified":"2022-10-20T16:43:27","modified_gmt":"2022-10-20T19:43:27","slug":"seremi-del-trabajo-valoro-respaldo-transversal-del-senado-a-extension-del-postnatal-de-emergencia","status":"publish","type":"post","link":"https:\/\/www.radiopresidenteibanez.cl\/web\/seremi-del-trabajo-valoro-respaldo-transversal-del-senado-a-extension-del-postnatal-de-emergencia\/","title":{"rendered":"Seremi del Trabajo valor\u00f3 respaldo transversal del Senado a extensi\u00f3n del postnatal de emergencia"},"content":{"rendered":"\n<p>S\u00f3lo un paso m\u00e1s falta para que la nueva extensi\u00f3n del postnatal de emergencia sea una realidad y, de esa forma, pueda beneficiar a cientos de trabajadores y trabajadoras que hicieron previo uso de este permiso.<\/p>\n\n\n\n<p>As\u00ed lo destac\u00f3 la Seremi del Trabajo y Previsi\u00f3n Social de Magallanes, Doris Sandoval, luego de lo ocurrido esta semana en el Senado, donde por unanimidad se aprob\u00f3 el proyecto que busca extender este beneficio, pasando ahora a la C\u00e1mara de Diputados y Diputadas.<\/p>\n\n\n\n<p>\u201cComo parte del gobierno del Presidente Gabriel Boric, valoramos y resaltamos la votaci\u00f3n que este proyecto logr\u00f3 en el Senado, teniendo en cuenta la importancia de resguardar los derechos de las ni\u00f1as y ni\u00f1os de nuestra regi\u00f3n y pa\u00eds, as\u00ed como la protecci\u00f3n tambi\u00e9n a los empleos de madres y padres trabajadores que han hecho uso de este beneficio\u201d, recalc\u00f3.<\/p>\n\n\n\n<p>\u201cPor lo mismo, es que esperamos que, ahora, los diputados y diputadas del pa\u00eds y, especialmente, de nuestra regi\u00f3n, respalden con la misma fuerza esta iniciativa teniendo en cuenta su importancia como instrumento de seguridad social y de apoyo a las familias\u201d, agreg\u00f3 la secretaria regional.<\/p>\n\n\n\n<p>De aprobarse, la extensi\u00f3n del beneficio tendr\u00e1 un plazo de 60 d\u00edas, desde el 1 de octubre hasta el 30 de noviembre, y, por lo tanto, contar\u00e1 con car\u00e1cter retroactivo.<\/p>\n\n\n\n<p>Pese a que las normas contempladas en el proyecto entrar\u00e1n en vigor desde el d\u00eda de su publicaci\u00f3n en el Diario Oficial, la iniciativa beneficiar\u00e1 a todos aquellos trabajadores y trabajadoras que hayan regresado a sus funciones laborales entre el 1 de octubre de 2022 y la fecha de publicaci\u00f3n de la ley, por no haber tenido a\u00fan derecho a la extensi\u00f3n del Permiso Posnatal Parental establecido en el proyecto de ley.<\/p>\n\n\n\n<p>Asimismo, se aplicar\u00e1 a quienes fueron beneficiados por la ley que extendi\u00f3 por 60 d\u00edas continuos el Permiso Posnatal Parental para aquellos trabajadores cuyo permiso haya terminado entre el 1 de mayo y el 30 de septiembre de 2022 y que, adicionalmente, no hubieren completado el total de 60 d\u00edas continuos establecidos en dicha normativa.<\/p>\n\n\n\n<p>Cabe se\u00f1alar que, de acuerdo a datos de la Superintendencia de Seguridad Social (Suseso), la aprobaci\u00f3n de esta medida podr\u00eda significar el beneficio para m\u00e1s de 13 mil nuevos beneficiarios y beneficiarias cuyos permisos concluyan en los meses de octubre y noviembre.<\/p>\n","protected":false},"excerpt":{"rendered":"<p>S\u00f3lo un paso m\u00e1s falta para que la nueva extensi\u00f3n del postnatal de emergencia sea una realidad y, de esa forma, pueda beneficiar a cientos de trabajadores y trabajadoras que&#8230; <a class=\"read-more\" href=\"https:\/\/www.radiopresidenteibanez.cl\/web\/seremi-del-trabajo-valoro-respaldo-transversal-del-senado-a-extension-del-postnatal-de-emergencia\/\">Leer m\u00e1s<\/a><\/p>\n","protected":false},"author":2,"featured_media":33617,"comment_status":"closed","ping_status":"closed","sticky":false,"template":"","format":"standard","meta":{"footnotes":""},"categories":[1],"tags":[],"class_list":["post-33616","post","type-post","status-publish","format-standard","has-post-thumbnail","hentry","category-cronica"],"_links":{"self":[{"href":"https:\/\/www.radiopresidenteibanez.cl\/web\/wp-json\/wp\/v2\/posts\/33616","targetHints":{"allow":["GET"]}}],"collection":[{"href":"https:\/\/www.radiopresidenteibanez.cl\/web\/wp-json\/wp\/v2\/posts"}],"about":[{"href":"https:\/\/www.radiopresidenteibanez.cl\/web\/wp-json\/wp\/v2\/types\/post"}],"author":[{"embeddable":true,"href":"https:\/\/www.radiopresidenteibanez.cl\/web\/wp-json\/wp\/v2\/users\/2"}],"replies":[{"embeddable":true,"href":"https:\/\/www.radiopresidenteibanez.cl\/web\/wp-json\/wp\/v2\/comments?post=33616"}],"version-history":[{"count":0,"href":"https:\/\/www.radiopresidenteibanez.cl\/web\/wp-json\/wp\/v2\/posts\/33616\/revisions"}],"wp:featuredmedia":[{"embeddable":true,"href":"https:\/\/www.radiopresidenteibanez.cl\/web\/wp-json\/wp\/v2\/media\/33617"}],"wp:attachment":[{"href":"https:\/\/www.radiopresidenteibanez.cl\/web\/wp-json\/wp\/v2\/media?parent=33616"}],"wp:term":[{"taxonomy":"category","embeddable":true,"href":"https:\/\/www.radiopresidenteibanez.cl\/web\/wp-json\/wp\/v2\/categories?post=33616"},{"taxonomy":"post_tag","embeddable":true,"href":"https:\/\/www.radiopresidenteibanez.cl\/web\/wp-json\/wp\/v2\/tags?post=33616"}],"curies":[{"name":"wp","href":"https:\/\/api.w.org\/{rel}","templated":true}]}}