{"id":33613,"date":"2022-10-20T18:30:00","date_gmt":"2022-10-20T21:30:00","guid":{"rendered":"https:\/\/www.radiopresidenteibanez.cl\/web\/?p=33613"},"modified":"2022-10-20T16:34:08","modified_gmt":"2022-10-20T19:34:08","slug":"mas-de-150-personas-participaran-en-talleres-de-reactivacion-cultural-en-punta-arenas","status":"publish","type":"post","link":"https:\/\/www.radiopresidenteibanez.cl\/web\/mas-de-150-personas-participaran-en-talleres-de-reactivacion-cultural-en-punta-arenas\/","title":{"rendered":"M\u00e1s de 150 personas participar\u00e1n en talleres de reactivaci\u00f3n cultural en Punta Arenas"},"content":{"rendered":"\n<p>La empleabilidad y la reactivaci\u00f3n del ecosistema cultural, duramente golpeado por la crisis que deton\u00f3 la pandemia Covid-19, constituyen el foco de la implementaci\u00f3n del proyecto \u201cArte-Recreativo\u201d, que impulsa la Seremi de las Culturas, las Artes y el Patrimonio en la ciudad de Punta Arenas.<\/p>\n\n\n\n<p>Esta iniciativa, que considera una inversi\u00f3n de 22 millones ciento diecisiete mil ochocientos ochenta y ocho pesos ($ 22.117.888) y cuya ejecuci\u00f3n est\u00e1 a cargo del Espacio Casa Azul del Arte, se enmarca en el del Programa de Reactivaci\u00f3n Cultural del Ministerio de las Culturas, las Artes y el Patrimonio, que surge del Plan de Gobierno Chile Apoya.<\/p>\n\n\n\n<p>\u201cAl llegar al Gobierno este a\u00f1o, sab\u00edamos que el sector cultural estaba siendo fuertemente afectado por la pandemia y sus consecuencias. Por lo tanto, el proceso de reactivaci\u00f3n y recuperaci\u00f3n econ\u00f3mica laboral es una de nuestras prioridades. Esto se enmarca en el plan de recuperaci\u00f3n Chile Apoya de nuestro Gobierno. Aqu\u00ed en la regi\u00f3n de Magallanes lo hemos querido materializar, entre otras propuestas, a trav\u00e9s de las Iniciativas Estrat\u00e9gicas Regionales. Son 34 talleres que se van a estar implementan entre los meses de octubre y diciembre en las cuatro provincias de la&nbsp;regi\u00f3n\u201d, expuso el Seremi de las Culturas, Diego Garc\u00eda, durante la presentaci\u00f3n del proyecto, actividad en la que participaron la Secretaria (S) Corporaci\u00f3n Municipal de Punta Arenas, Eliana Astorga; la Directora de Casa Azul del Arte, Janette Contreras, talleristas, artistas, encargadas y encargados de espacios culturales, equipo Quiero mi Barrio del Ministerio de Vivienda y Urbanismo, y representantes de la Seremi de Transportes y Telecomunicaciones.<\/p>\n\n\n\n<p>Este dispositivo de ayuda considera la contrataci\u00f3n de veintid\u00f3s artistas, creadores o cultores, m\u00e1s dos profesionales de apoyo para la puesta en marcha de veinte talleres m\u00e1s dos intervenciones teatrales. Abarcar\u00e1 las disciplinas de danza, teatro, literatura, m\u00fasica, artes visuales, fotograf\u00eda, audiovisual y artesan\u00eda.<\/p>\n\n\n\n<p>Las clases, en doce cursos, comenzaron durante la presente semana y se extender\u00e1n hasta mediados de diciembre pr\u00f3ximo. A\u00fan quedan vacantes en ocho iniciativas. Interesados en participar pueden registrarse en el correo&nbsp;<a href=\"mailto:talleres@casaazuldelarte.cl\" target=\"_blank\" rel=\"noreferrer noopener\">talleres@casaazuldelarte.cl<\/a>&nbsp;El acceso es gratuito. Tambi\u00e9n pueden tomar contacto a trav\u00e9s de las redes sociales Casa Azul del Arte y su web: <a href=\"http:\/\/www.casaazuldelarte.cl\">www.casaazuldelarte.cl<\/a><\/p>\n","protected":false},"excerpt":{"rendered":"<p>La empleabilidad y la reactivaci\u00f3n del ecosistema cultural, duramente golpeado por la crisis que deton\u00f3 la pandemia Covid-19, constituyen el foco de la implementaci\u00f3n del proyecto \u201cArte-Recreativo\u201d, que impulsa la&#8230; <a class=\"read-more\" href=\"https:\/\/www.radiopresidenteibanez.cl\/web\/mas-de-150-personas-participaran-en-talleres-de-reactivacion-cultural-en-punta-arenas\/\">Leer m\u00e1s<\/a><\/p>\n","protected":false},"author":2,"featured_media":33614,"comment_status":"closed","ping_status":"closed","sticky":false,"template":"","format":"standard","meta":{"footnotes":""},"categories":[1],"tags":[],"class_list":["post-33613","post","type-post","status-publish","format-standard","has-post-thumbnail","hentry","category-cronica"],"_links":{"self":[{"href":"https:\/\/www.radiopresidenteibanez.cl\/web\/wp-json\/wp\/v2\/posts\/33613","targetHints":{"allow":["GET"]}}],"collection":[{"href":"https:\/\/www.radiopresidenteibanez.cl\/web\/wp-json\/wp\/v2\/posts"}],"about":[{"href":"https:\/\/www.radiopresidenteibanez.cl\/web\/wp-json\/wp\/v2\/types\/post"}],"author":[{"embeddable":true,"href":"https:\/\/www.radiopresidenteibanez.cl\/web\/wp-json\/wp\/v2\/users\/2"}],"replies":[{"embeddable":true,"href":"https:\/\/www.radiopresidenteibanez.cl\/web\/wp-json\/wp\/v2\/comments?post=33613"}],"version-history":[{"count":0,"href":"https:\/\/www.radiopresidenteibanez.cl\/web\/wp-json\/wp\/v2\/posts\/33613\/revisions"}],"wp:featuredmedia":[{"embeddable":true,"href":"https:\/\/www.radiopresidenteibanez.cl\/web\/wp-json\/wp\/v2\/media\/33614"}],"wp:attachment":[{"href":"https:\/\/www.radiopresidenteibanez.cl\/web\/wp-json\/wp\/v2\/media?parent=33613"}],"wp:term":[{"taxonomy":"category","embeddable":true,"href":"https:\/\/www.radiopresidenteibanez.cl\/web\/wp-json\/wp\/v2\/categories?post=33613"},{"taxonomy":"post_tag","embeddable":true,"href":"https:\/\/www.radiopresidenteibanez.cl\/web\/wp-json\/wp\/v2\/tags?post=33613"}],"curies":[{"name":"wp","href":"https:\/\/api.w.org\/{rel}","templated":true}]}}