{"id":33610,"date":"2022-10-20T17:37:00","date_gmt":"2022-10-20T20:37:00","guid":{"rendered":"https:\/\/www.radiopresidenteibanez.cl\/web\/?p=33610"},"modified":"2022-10-20T16:27:54","modified_gmt":"2022-10-20T19:27:54","slug":"cormag-tuvo-su-primera-reunion-de-directorio","status":"publish","type":"post","link":"https:\/\/www.radiopresidenteibanez.cl\/web\/cormag-tuvo-su-primera-reunion-de-directorio\/","title":{"rendered":"Cormag tuvo su primera reuni\u00f3n de directorio"},"content":{"rendered":"\n<p>Por cerca de tres horas se prolong\u00f3 la primera reuni\u00f3n del directorio de la Corporaci\u00f3n de Magallanes que se realiz\u00f3 este mi\u00e9rcoles en dependencias del Gobierno Regional donde se trataron temas como el presupuesto para los pr\u00f3ximos meses.<\/p>\n\n\n\n<p>\u201cHay un marco presupuestario para los primeros seis meses de trabajo que va alrededor de los 168 millones de pesos que vamos a analizar en qu\u00e9 y c\u00f3mo se ocupan. Adem\u00e1s, va a haber una cuota importante que va a llegar con la incorporaci\u00f3n de nuevos socios\u201d declar\u00f3 Christian Garc\u00eda, Gobernador (S) de Magallanes.<\/p>\n\n\n\n<p>En este contexto, se confirm\u00f3 que hay solicitudes de distintos rubros y gremios como el educacional y tur\u00edstico s que pidieron unirse a la Cormag como nuevos socios.<\/p>\n\n\n\n<p>\u201cHay ocho entidades que pidieron incorporarse a la corporaci\u00f3n. Se revis\u00f3 su documentaci\u00f3n legal y se dio la venia para que sean sometidos a votaci\u00f3n en la pr\u00f3xima asamblea de socios\u201d se\u00f1al\u00f3 Garc\u00eda.<\/p>\n\n\n\n<p>Para finalizar, se comunic\u00f3 que durante los pr\u00f3ximos d\u00edas habr\u00e1 una nueva reuni\u00f3n de directorio y que a fines de noviembre se realizar\u00e1 una asamblea con todos los socios.&nbsp;<\/p>\n","protected":false},"excerpt":{"rendered":"<p>Por cerca de tres horas se prolong\u00f3 la primera reuni\u00f3n del directorio de la Corporaci\u00f3n de Magallanes que se realiz\u00f3 este mi\u00e9rcoles en dependencias del Gobierno Regional donde se trataron&#8230; <a class=\"read-more\" href=\"https:\/\/www.radiopresidenteibanez.cl\/web\/cormag-tuvo-su-primera-reunion-de-directorio\/\">Leer m\u00e1s<\/a><\/p>\n","protected":false},"author":2,"featured_media":33611,"comment_status":"closed","ping_status":"closed","sticky":false,"template":"","format":"standard","meta":{"footnotes":""},"categories":[1],"tags":[],"class_list":["post-33610","post","type-post","status-publish","format-standard","has-post-thumbnail","hentry","category-cronica"],"_links":{"self":[{"href":"https:\/\/www.radiopresidenteibanez.cl\/web\/wp-json\/wp\/v2\/posts\/33610","targetHints":{"allow":["GET"]}}],"collection":[{"href":"https:\/\/www.radiopresidenteibanez.cl\/web\/wp-json\/wp\/v2\/posts"}],"about":[{"href":"https:\/\/www.radiopresidenteibanez.cl\/web\/wp-json\/wp\/v2\/types\/post"}],"author":[{"embeddable":true,"href":"https:\/\/www.radiopresidenteibanez.cl\/web\/wp-json\/wp\/v2\/users\/2"}],"replies":[{"embeddable":true,"href":"https:\/\/www.radiopresidenteibanez.cl\/web\/wp-json\/wp\/v2\/comments?post=33610"}],"version-history":[{"count":0,"href":"https:\/\/www.radiopresidenteibanez.cl\/web\/wp-json\/wp\/v2\/posts\/33610\/revisions"}],"wp:featuredmedia":[{"embeddable":true,"href":"https:\/\/www.radiopresidenteibanez.cl\/web\/wp-json\/wp\/v2\/media\/33611"}],"wp:attachment":[{"href":"https:\/\/www.radiopresidenteibanez.cl\/web\/wp-json\/wp\/v2\/media?parent=33610"}],"wp:term":[{"taxonomy":"category","embeddable":true,"href":"https:\/\/www.radiopresidenteibanez.cl\/web\/wp-json\/wp\/v2\/categories?post=33610"},{"taxonomy":"post_tag","embeddable":true,"href":"https:\/\/www.radiopresidenteibanez.cl\/web\/wp-json\/wp\/v2\/tags?post=33610"}],"curies":[{"name":"wp","href":"https:\/\/api.w.org\/{rel}","templated":true}]}}