{"id":3361,"date":"2019-04-14T19:54:26","date_gmt":"2019-04-14T19:54:26","guid":{"rendered":"http:\/\/www.radiopresidenteibanez.cl\/web\/?p=3361"},"modified":"2019-04-14T19:55:10","modified_gmt":"2019-04-14T19:55:10","slug":"hoy-14-de-abril-se-celebra-el-dia-nacional-del-locutor-radial","status":"publish","type":"post","link":"https:\/\/www.radiopresidenteibanez.cl\/web\/hoy-14-de-abril-se-celebra-el-dia-nacional-del-locutor-radial\/","title":{"rendered":"HOY 14 DE ABRIL SE CELEBRA EL D\u00cdA NACIONAL DEL LOCUTOR RADIAL"},"content":{"rendered":"\n<p>Este d\u00eda se recuerda por el fallecimiento del gran locutor radial chileno, Petronio Romo, que fuera el 14 de abril del a\u00f1o 2010, en la ocasi\u00f3n se estableci\u00f3 que cada a\u00f1o en esta fecha quedar\u00eda como el d\u00eda del Locutor Radial, como as\u00ed tambi\u00e9n el 21 de septiembre d\u00eda del Trabajadora Radial.<\/p>\n\n\n\n<p>Feliz d\u00eda a todas y todos quienes trabajan detr\u00e1s del micr\u00f3fono, acompa\u00f1ando d\u00eda a d\u00eda a la comunidad, con entretenci\u00f3n, informaci\u00f3n y mucho m\u00e1s.<\/p>\n\n\n\n<figure class=\"wp-block-image\"><img loading=\"lazy\" decoding=\"async\" width=\"900\" height=\"675\" src=\"http:\/\/www.radiopresidenteibanez.cl\/web\/wp-content\/uploads\/2019\/04\/IMG_20190326_181031.jpg\" alt=\"\" class=\"wp-image-3341\" srcset=\"https:\/\/www.radiopresidenteibanez.cl\/web\/wp-content\/uploads\/2019\/04\/IMG_20190326_181031.jpg 900w, https:\/\/www.radiopresidenteibanez.cl\/web\/wp-content\/uploads\/2019\/04\/IMG_20190326_181031-300x225.jpg 300w, https:\/\/www.radiopresidenteibanez.cl\/web\/wp-content\/uploads\/2019\/04\/IMG_20190326_181031-768x576.jpg 768w\" sizes=\"auto, (max-width: 900px) 100vw, 900px\" \/><figcaption>sdr<\/figcaption><\/figure>\n","protected":false},"excerpt":{"rendered":"<p>Este d\u00eda se recuerda por el fallecimiento del gran locutor radial chileno, Petronio Romo, que fuera el 14 de abril del a\u00f1o 2010, en la ocasi\u00f3n se estableci\u00f3 que cada&#8230; <a class=\"read-more\" href=\"https:\/\/www.radiopresidenteibanez.cl\/web\/hoy-14-de-abril-se-celebra-el-dia-nacional-del-locutor-radial\/\">Leer m\u00e1s<\/a><\/p>\n","protected":false},"author":2,"featured_media":3341,"comment_status":"closed","ping_status":"closed","sticky":false,"template":"","format":"standard","meta":{"footnotes":""},"categories":[1],"tags":[],"class_list":["post-3361","post","type-post","status-publish","format-standard","has-post-thumbnail","hentry","category-cronica"],"_links":{"self":[{"href":"https:\/\/www.radiopresidenteibanez.cl\/web\/wp-json\/wp\/v2\/posts\/3361","targetHints":{"allow":["GET"]}}],"collection":[{"href":"https:\/\/www.radiopresidenteibanez.cl\/web\/wp-json\/wp\/v2\/posts"}],"about":[{"href":"https:\/\/www.radiopresidenteibanez.cl\/web\/wp-json\/wp\/v2\/types\/post"}],"author":[{"embeddable":true,"href":"https:\/\/www.radiopresidenteibanez.cl\/web\/wp-json\/wp\/v2\/users\/2"}],"replies":[{"embeddable":true,"href":"https:\/\/www.radiopresidenteibanez.cl\/web\/wp-json\/wp\/v2\/comments?post=3361"}],"version-history":[{"count":0,"href":"https:\/\/www.radiopresidenteibanez.cl\/web\/wp-json\/wp\/v2\/posts\/3361\/revisions"}],"wp:featuredmedia":[{"embeddable":true,"href":"https:\/\/www.radiopresidenteibanez.cl\/web\/wp-json\/wp\/v2\/media\/3341"}],"wp:attachment":[{"href":"https:\/\/www.radiopresidenteibanez.cl\/web\/wp-json\/wp\/v2\/media?parent=3361"}],"wp:term":[{"taxonomy":"category","embeddable":true,"href":"https:\/\/www.radiopresidenteibanez.cl\/web\/wp-json\/wp\/v2\/categories?post=3361"},{"taxonomy":"post_tag","embeddable":true,"href":"https:\/\/www.radiopresidenteibanez.cl\/web\/wp-json\/wp\/v2\/tags?post=3361"}],"curies":[{"name":"wp","href":"https:\/\/api.w.org\/{rel}","templated":true}]}}