{"id":33607,"date":"2022-10-20T16:24:20","date_gmt":"2022-10-20T19:24:20","guid":{"rendered":"https:\/\/www.radiopresidenteibanez.cl\/web\/?p=33607"},"modified":"2022-10-20T16:24:27","modified_gmt":"2022-10-20T19:24:27","slug":"municipio-tendria-que-destinar-cerca-de-9-mil-millones-de-pesos-si-no-se-concreta-el-traspaso-de-la-educacion-publica-a-los-nuevos-slep","status":"publish","type":"post","link":"https:\/\/www.radiopresidenteibanez.cl\/web\/municipio-tendria-que-destinar-cerca-de-9-mil-millones-de-pesos-si-no-se-concreta-el-traspaso-de-la-educacion-publica-a-los-nuevos-slep\/","title":{"rendered":"MUNICIPIO TENDR\u00cdA QUE DESTINAR CERCA DE 9 MIL MILLONES DE PESOS SI NO SE CONCRETA EL TRASPASO DE LA EDUCACI\u00d3N P\u00daBLICA A LOS NUEVOS \u201cSLEP\u201d"},"content":{"rendered":"\n<p>Con el af\u00e1n de continuar con las gestiones que permitan tener claridad y una proyecci\u00f3n real de lo que ocurrir\u00e1 el pr\u00f3ximo a\u00f1o, el Alcalde Claudio Radonich, junto al concejal y presidente de la comisi\u00f3n de Educaci\u00f3n de la comuna, Jonathan C\u00e1rcamo, sostuvieron una reuni\u00f3n de trabajo con el equipo t\u00e9cnico del MINEDUC, para acelerar los tiempos, aumentar los recursos y concretar cuanto antes, el traspaso de los servicios educativos a los nuevos Servicios Locales de Educaci\u00f3n P\u00fablica (SLEP).<\/p>\n\n\n\n<p>Respecto a esto \u00faltimo, ambos representantes manifestaron que dicha situaci\u00f3n se mantiene en pausa, luego de que el Gobierno ingresara un proyecto al congreso, que busca&nbsp; ampliar los plazos para la entrada en vigencia de ciertos Servicios, sumando a ello la suspensi\u00f3n de la Evaluaci\u00f3n Docente y los instrumentos contemplados en la Carrera Docente para el a\u00f1o 2023.<\/p>\n\n\n\n<p>Frente a ello, Radonich plante\u00f3 que \u201cpara nuestra comuna es fundamental continuar con los servicios educativos sin problemas durante este a\u00f1o, sabiendo adem\u00e1s que actualmente no tenemos deudas previsionales, lo que no ocurr\u00eda hace muchos a\u00f1os, pero con un costo gigante para la Municipalidad\u201d.<\/p>\n\n\n\n<p>\u201cEn el mes de junio, cuando sostuvimos reuni\u00f3n con el Ministro de Educaci\u00f3n y el subsecretario de la \u00e9poca hubo acuerdos, lo que se sum\u00f3 a la visita de un equipo t\u00e9cnico a nuestra ciudad, quedando temas pendientes en la capital del pa\u00eds, como son el fondo de transici\u00f3n, condiciones para la entrega y un anticipo de subvenci\u00f3n, para poder pagar un bono a los profesores que dejar\u00e1n el sistema y esperamos que esto pueda apurarse, para lograr concretar en el corto plazo, y as\u00ed poder terminar el a\u00f1o de buena forma\u201d, agreg\u00f3 el jefe comunal.<\/p>\n\n\n\n<p>Al respecto, el concejal Jonathan C\u00e1rcamo, dijo que \u201ccomo presidente de la comisi\u00f3n de educaci\u00f3n del concejo municipal, vinimos a reunirnos con los equipos t\u00e9cnicos del Ministerio de Educaci\u00f3n, para obtener respuestas directas frente a los problemas que pudiesen generarse con los traspasos, ya que nuestra intenci\u00f3n es evitar cualquier tipo de crisis social en&nbsp; nuestra comuna, por lo que nos gustar\u00eda buscar soluciones en conjunto\u201d.<\/p>\n","protected":false},"excerpt":{"rendered":"<p>Con el af\u00e1n de continuar con las gestiones que permitan tener claridad y una proyecci\u00f3n real de lo que ocurrir\u00e1 el pr\u00f3ximo a\u00f1o, el Alcalde Claudio Radonich, junto al concejal&#8230; <a class=\"read-more\" href=\"https:\/\/www.radiopresidenteibanez.cl\/web\/municipio-tendria-que-destinar-cerca-de-9-mil-millones-de-pesos-si-no-se-concreta-el-traspaso-de-la-educacion-publica-a-los-nuevos-slep\/\">Leer m\u00e1s<\/a><\/p>\n","protected":false},"author":2,"featured_media":33608,"comment_status":"closed","ping_status":"closed","sticky":false,"template":"","format":"standard","meta":{"footnotes":""},"categories":[1],"tags":[],"class_list":["post-33607","post","type-post","status-publish","format-standard","has-post-thumbnail","hentry","category-cronica"],"_links":{"self":[{"href":"https:\/\/www.radiopresidenteibanez.cl\/web\/wp-json\/wp\/v2\/posts\/33607","targetHints":{"allow":["GET"]}}],"collection":[{"href":"https:\/\/www.radiopresidenteibanez.cl\/web\/wp-json\/wp\/v2\/posts"}],"about":[{"href":"https:\/\/www.radiopresidenteibanez.cl\/web\/wp-json\/wp\/v2\/types\/post"}],"author":[{"embeddable":true,"href":"https:\/\/www.radiopresidenteibanez.cl\/web\/wp-json\/wp\/v2\/users\/2"}],"replies":[{"embeddable":true,"href":"https:\/\/www.radiopresidenteibanez.cl\/web\/wp-json\/wp\/v2\/comments?post=33607"}],"version-history":[{"count":0,"href":"https:\/\/www.radiopresidenteibanez.cl\/web\/wp-json\/wp\/v2\/posts\/33607\/revisions"}],"wp:featuredmedia":[{"embeddable":true,"href":"https:\/\/www.radiopresidenteibanez.cl\/web\/wp-json\/wp\/v2\/media\/33608"}],"wp:attachment":[{"href":"https:\/\/www.radiopresidenteibanez.cl\/web\/wp-json\/wp\/v2\/media?parent=33607"}],"wp:term":[{"taxonomy":"category","embeddable":true,"href":"https:\/\/www.radiopresidenteibanez.cl\/web\/wp-json\/wp\/v2\/categories?post=33607"},{"taxonomy":"post_tag","embeddable":true,"href":"https:\/\/www.radiopresidenteibanez.cl\/web\/wp-json\/wp\/v2\/tags?post=33607"}],"curies":[{"name":"wp","href":"https:\/\/api.w.org\/{rel}","templated":true}]}}