{"id":33601,"date":"2022-10-20T13:53:00","date_gmt":"2022-10-20T16:53:00","guid":{"rendered":"https:\/\/www.radiopresidenteibanez.cl\/web\/?p=33601"},"modified":"2022-10-20T11:43:27","modified_gmt":"2022-10-20T14:43:27","slug":"gobierno-presenta-programa-activa-chile-apoya-dirigido-a-pequenas-y-medianas-empresas","status":"publish","type":"post","link":"https:\/\/www.radiopresidenteibanez.cl\/web\/gobierno-presenta-programa-activa-chile-apoya-dirigido-a-pequenas-y-medianas-empresas\/","title":{"rendered":"GOBIERNO PRESENTA PROGRAMA \u201cACTIVA CHILE APOYA\u201d DIRIGIDO A PEQUE\u00d1AS Y MEDIANAS EMPRESAS"},"content":{"rendered":"\n<p>Apoyar a contribuyentes de peque\u00f1as y medianas empresas en la r<a>ecuperaci\u00f3n de su actividad econ\u00f3mica, es el objetivo del nuevo programa&nbsp;<strong>\u201cActiva Chile Apoya\u201d,<\/strong>&nbsp;impulsado por el Ministerio de Econom\u00eda, Fomento y Turismo y ejecutado por Corfo.<\/a><\/p>\n\n\n\n<p>Esta iniciativa cofinanciar\u00e1 hasta 80% del costo total del proyecto Individual, con un tope de hasta $15.000.000, que se podr\u00e1n utilizar en inversiones que contemplen la adquisici\u00f3n de activo fijo, recuperaci\u00f3n o construcci\u00f3n de nueva infraestructura productiva y\/o para capital de trabajo.<\/p>\n\n\n\n<p>\u201cEl Gobierno del Presidente Gabriel Boric, sigue comprometido con las Pymes, en ese contexto esta convocatoria Activa Chile Apoya, es una muestra m\u00e1s de ello, puesto que buscar apoyar a contribuyentes con foco en peque\u00f1as y medianas empresas, apoyando el proceso de recuperaci\u00f3n de su actividad econ\u00f3mica, mediante el cofinanciamiento de proyectos individuales\u201d, indic\u00f3 la seremi de econom\u00eda, fomento y Turismo, Ruth Saieh.<\/p>\n\n\n\n<p>Para este llamado, las empresas interesadas deber\u00e1n contar con nivel de ventas mayor a UF 2.400 y hasta UF 100.000 y con proyectos que se enmarquen en las tem\u00e1ticas abordadas en las Estrategias Regionales de Desarrollo (ERD), de las respectivas regiones en que se realiza la postulaci\u00f3n.<\/p>\n\n\n\n<p>La directora regional de Corfo Magallanes, Mar\u00eda Jos\u00e9 Navajas, indic\u00f3 \u201cEste programa \u201cActiva Chile Apoya\u201d, ejecutado por Corfo,tendr\u00e1 una convocatoria regional de ventanilla abierta, con un presupuesto de $134.800.000 para pymes locales. Es una muy buena oportunidad para que las pymes regionales puedan reactivar su econom\u00eda, por lo que extendemos la invitaci\u00f3n a conocer los requisitos de la convocatoria y a postular\u201d.<\/p>\n\n\n\n<p><strong>Antecedentes del concurso<\/strong><\/p>\n\n\n\n<ul class=\"wp-block-list\"><li>La modalidad de postulaci\u00f3n es permanente, con asignaci\u00f3n de montos por regi\u00f3n.<\/li><li>Los postulantes deben tener domicilio registrado en la regi\u00f3n a la que postula el proyecto.<\/li><\/ul>\n\n\n\n<ul class=\"wp-block-list\"><li>Financiar\u00e1 capital de trabajo de hasta el 40% del monto del subsidio.<\/li><li>Se cofinanciar\u00e1n activos fijos, recuperaci\u00f3n o construcci\u00f3n de nueva infraestructura productiva y\/o capital de trabajo.<\/li><li>Se exigir\u00e1 haber realizado la iniciaci\u00f3n de actividades ante el SII, 1 a\u00f1o antes de la apertura del concurso.<\/li><li>El aporte empresa puede ser tanto pecuniario como valorado.<\/li><li>Se postula de manera directa por las empresas, y posteriormente se asignar\u00e1 un AOI, una vez adjudicado el subsidio.<\/li><li>La convocatoria se realizar\u00e1 de manera directa por parte de las empresas, mediante postulaci\u00f3n permanente (ventanilla abierta).<\/li><li>El plazo de ejecuci\u00f3n de los proyectos postulados ser\u00e1 de hasta 10 meses.<\/li><\/ul>\n\n\n\n<p>El per\u00edodo de postulaci\u00f3n es hasta las&nbsp;<strong>15.00 horas del 17 de noviembre 2022<\/strong>&nbsp;y toda la informaci\u00f3n est\u00e1 disponible en&nbsp;<a href=\"http:\/\/www.corfo.cl\/\" target=\"_blank\" rel=\"noreferrer noopener\">www.corfo.cl<\/a><\/p>\n","protected":false},"excerpt":{"rendered":"<p>Apoyar a contribuyentes de peque\u00f1as y medianas empresas en la recuperaci\u00f3n de su actividad econ\u00f3mica, es el objetivo del nuevo programa&nbsp;\u201cActiva Chile Apoya\u201d,&nbsp;impulsado por el Ministerio de Econom\u00eda, Fomento y&#8230; <a class=\"read-more\" href=\"https:\/\/www.radiopresidenteibanez.cl\/web\/gobierno-presenta-programa-activa-chile-apoya-dirigido-a-pequenas-y-medianas-empresas\/\">Leer m\u00e1s<\/a><\/p>\n","protected":false},"author":2,"featured_media":33602,"comment_status":"closed","ping_status":"closed","sticky":false,"template":"","format":"standard","meta":{"footnotes":""},"categories":[1],"tags":[],"class_list":["post-33601","post","type-post","status-publish","format-standard","has-post-thumbnail","hentry","category-cronica"],"_links":{"self":[{"href":"https:\/\/www.radiopresidenteibanez.cl\/web\/wp-json\/wp\/v2\/posts\/33601","targetHints":{"allow":["GET"]}}],"collection":[{"href":"https:\/\/www.radiopresidenteibanez.cl\/web\/wp-json\/wp\/v2\/posts"}],"about":[{"href":"https:\/\/www.radiopresidenteibanez.cl\/web\/wp-json\/wp\/v2\/types\/post"}],"author":[{"embeddable":true,"href":"https:\/\/www.radiopresidenteibanez.cl\/web\/wp-json\/wp\/v2\/users\/2"}],"replies":[{"embeddable":true,"href":"https:\/\/www.radiopresidenteibanez.cl\/web\/wp-json\/wp\/v2\/comments?post=33601"}],"version-history":[{"count":0,"href":"https:\/\/www.radiopresidenteibanez.cl\/web\/wp-json\/wp\/v2\/posts\/33601\/revisions"}],"wp:featuredmedia":[{"embeddable":true,"href":"https:\/\/www.radiopresidenteibanez.cl\/web\/wp-json\/wp\/v2\/media\/33602"}],"wp:attachment":[{"href":"https:\/\/www.radiopresidenteibanez.cl\/web\/wp-json\/wp\/v2\/media?parent=33601"}],"wp:term":[{"taxonomy":"category","embeddable":true,"href":"https:\/\/www.radiopresidenteibanez.cl\/web\/wp-json\/wp\/v2\/categories?post=33601"},{"taxonomy":"post_tag","embeddable":true,"href":"https:\/\/www.radiopresidenteibanez.cl\/web\/wp-json\/wp\/v2\/tags?post=33601"}],"curies":[{"name":"wp","href":"https:\/\/api.w.org\/{rel}","templated":true}]}}