{"id":33583,"date":"2022-10-19T19:50:00","date_gmt":"2022-10-19T22:50:00","guid":{"rendered":"https:\/\/www.radiopresidenteibanez.cl\/web\/?p=33583"},"modified":"2022-10-19T16:09:06","modified_gmt":"2022-10-19T19:09:06","slug":"umag-se-une-a-la-celebracion-del-dia-de-los-patrimonios-con-variadas-actividades","status":"publish","type":"post","link":"https:\/\/www.radiopresidenteibanez.cl\/web\/umag-se-une-a-la-celebracion-del-dia-de-los-patrimonios-con-variadas-actividades\/","title":{"rendered":"UMAG se une a la celebraci\u00f3n del D\u00eda de los Patrimonios con variadas actividades"},"content":{"rendered":"\n<p>La Universidad de Magallanes se har\u00e1 presente en el pr\u00f3ximo D\u00cdA DE LOS PATRIMONIOS EN LA REGI\u00d3N DE MAGALLANES, que se celebrar\u00e1 a lo largo del pa\u00eds el domingo 23 de Octubre. Las actividades se realizar\u00e1n en el Museo del Recuerdo y en el Centro de Documentaci\u00f3n Patrimonial Fuego Patagonia, entre las 15:00 y 18:30 hrs. El listado de las actividades es el siguiente:<\/p>\n\n\n\n<p><strong>MUSEO DEL RECUERDO<\/strong><\/p>\n\n\n\n<p><strong>-Recorridos guiados<\/strong>&nbsp;(entre 15.00 y 18.30): Contaremos con el apoyo de estudiantes de T\u00e9cnico en nivel superior de Turismo de nuestra universidad, que guiar\u00e1n al p\u00fablico y presentar\u00e1n el contexto sociohist\u00f3rico de las obras de Teatro Museogr\u00e1fico.<\/p>\n\n\n\n<p><strong>-Teatro Museogr\u00e1fico<\/strong>&nbsp;(entre 16.00 y 18.30): El grupo de Teatro de la Universidad de Magallanes, bajo la direcci\u00f3n de la actriz Nitzam\u00e9 Mayorga, presentar\u00e1 3 obras de Teatro Museogr\u00e1fico. Estas son: \u00abAynkan\u00bb, que expone la situaci\u00f3n de la esclavitud y servidumbre forzada de fueguinos y fueguinas en la \u00e9poca colonial de Magallanes; \u00abMigraci\u00f3n Golondrina\u00bb, que presenta el contexto socioecon\u00f3mico que determin\u00f3 la migraci\u00f3n chilota en Magallanes y \u00abCasa de Modas\u00bb, que visibiliza el rol de las mujeres en Magallanes a mediados del siglo XX.<\/p>\n\n\n\n<p><strong>-Presentaci\u00f3n Grupo Folkl\u00f3rico<\/strong>&nbsp;(entre 17.00 y 18.00): Bajo la direcci\u00f3n del profesor y m\u00fasico Jorge Risco, se realizar\u00e1 una presentaci\u00f3n musical que convoca nuestro patrimonio cultural inmaterial, a partir de m\u00fasica con identidad local y nacional.<\/p>\n\n\n\n<p><strong>-Exposici\u00f3n Rural INIA<\/strong>&nbsp;(entre 15.00 y 18.00): Gracias a la alianza surgida entre el Museo del Recuerdo y la SEREMI de Agricultura regi\u00f3n de Magallanes, hemos logrado acordar una presentaci\u00f3n del Instituto de Investigaciones Agropecuarias (INIA). Bajo la responsabilidad de la Veterinaria Dr. Camila Sandoval, se logr\u00f3 gestionar la presencia de un carnero y un corral m\u00f3vil (al lado de la Torre de Petr\u00f3leo), que permitir\u00e1 presentar una mirada actual de la ganader\u00eda, en un espacio museal que plantea parte de la historia ganadera en la Patagonia y Tierra del Fuego.<\/p>\n\n\n\n<p><strong>CENTRO DE DOCUMENTACI\u00d3N PATRIMONIAL FUEGO PATAGONIA<\/strong><\/p>\n\n\n\n<p><strong>-F\u00f3siles del Instituto de la Patagonia<\/strong>&nbsp;(entre 15.00 y 18.30): A trav\u00e9s de una alianza entre la Universidad de Magallanes y el Consejo de Monumentos Nacionales, las profesionales del Instituto de la Patagonia Judith Pardo (Paleont\u00f3loga) y Francisca Scapini (Ge\u00f3loga), junto al apoyo del Paleont\u00f3logo Jos\u00e9 P\u00e9rez del Consejo de Monumentos Nacionales, presentar\u00e1n parte de la Colecci\u00f3n Paleontol\u00f3gica. Adem\u00e1s, ambos profesionales presentar\u00e1n breves charlas introductorias respecto a la investigaci\u00f3n y protecci\u00f3n del patrimonio paleontol\u00f3gico.<\/p>\n\n\n\n<p><strong>-Charla Juguetes Kaw\u00e9sqar<\/strong>&nbsp;(entre 16.00 y 17.00): Se presentar\u00e1 una charla sobre la infancia Kaw\u00e9sqar y sus juguetes. Esta propuesta est\u00e1 bajo la responsabilidad de la acad\u00e9mica Mirna Pizarro en conjunto con dos estudiantes de Educaci\u00f3n Parvularia, \u00c1ngela Colivoro y Cristina Ulloa. Adem\u00e1s, Rodrigo Gonz\u00e1lez (Museo del Recuerdo) dar\u00e1 una charla sobre el contexto hist\u00f3rico de la cultura Kaw\u00e9sqar.<\/p>\n\n\n\n<p>La entrada es de car\u00e1cter gratuito y se repartir\u00e1 chocolate caliente al p\u00fablico asistente.<\/p>\n","protected":false},"excerpt":{"rendered":"<p>La Universidad de Magallanes se har\u00e1 presente en el pr\u00f3ximo D\u00cdA DE LOS PATRIMONIOS EN LA REGI\u00d3N DE MAGALLANES, que se celebrar\u00e1 a lo largo del pa\u00eds el domingo 23&#8230; <a class=\"read-more\" href=\"https:\/\/www.radiopresidenteibanez.cl\/web\/umag-se-une-a-la-celebracion-del-dia-de-los-patrimonios-con-variadas-actividades\/\">Leer m\u00e1s<\/a><\/p>\n","protected":false},"author":2,"featured_media":33584,"comment_status":"closed","ping_status":"closed","sticky":false,"template":"","format":"standard","meta":{"footnotes":""},"categories":[1],"tags":[],"class_list":["post-33583","post","type-post","status-publish","format-standard","has-post-thumbnail","hentry","category-cronica"],"_links":{"self":[{"href":"https:\/\/www.radiopresidenteibanez.cl\/web\/wp-json\/wp\/v2\/posts\/33583","targetHints":{"allow":["GET"]}}],"collection":[{"href":"https:\/\/www.radiopresidenteibanez.cl\/web\/wp-json\/wp\/v2\/posts"}],"about":[{"href":"https:\/\/www.radiopresidenteibanez.cl\/web\/wp-json\/wp\/v2\/types\/post"}],"author":[{"embeddable":true,"href":"https:\/\/www.radiopresidenteibanez.cl\/web\/wp-json\/wp\/v2\/users\/2"}],"replies":[{"embeddable":true,"href":"https:\/\/www.radiopresidenteibanez.cl\/web\/wp-json\/wp\/v2\/comments?post=33583"}],"version-history":[{"count":0,"href":"https:\/\/www.radiopresidenteibanez.cl\/web\/wp-json\/wp\/v2\/posts\/33583\/revisions"}],"wp:featuredmedia":[{"embeddable":true,"href":"https:\/\/www.radiopresidenteibanez.cl\/web\/wp-json\/wp\/v2\/media\/33584"}],"wp:attachment":[{"href":"https:\/\/www.radiopresidenteibanez.cl\/web\/wp-json\/wp\/v2\/media?parent=33583"}],"wp:term":[{"taxonomy":"category","embeddable":true,"href":"https:\/\/www.radiopresidenteibanez.cl\/web\/wp-json\/wp\/v2\/categories?post=33583"},{"taxonomy":"post_tag","embeddable":true,"href":"https:\/\/www.radiopresidenteibanez.cl\/web\/wp-json\/wp\/v2\/tags?post=33583"}],"curies":[{"name":"wp","href":"https:\/\/api.w.org\/{rel}","templated":true}]}}