{"id":33574,"date":"2022-10-19T16:15:00","date_gmt":"2022-10-19T19:15:00","guid":{"rendered":"https:\/\/www.radiopresidenteibanez.cl\/web\/?p=33574"},"modified":"2022-10-19T15:59:18","modified_gmt":"2022-10-19T18:59:18","slug":"los-caminantes-de-posesion-salen-a-la-ruta-para-apoyar-las-jornadas-por-la-rehabilitacion","status":"publish","type":"post","link":"https:\/\/www.radiopresidenteibanez.cl\/web\/los-caminantes-de-posesion-salen-a-la-ruta-para-apoyar-las-jornadas-por-la-rehabilitacion\/","title":{"rendered":"LOS CAMINANTES DE POSESI\u00d3N SALEN A LA RUTA PARA APOYAR LAS JORNADAS POR LA REHABILITACI\u00d3N"},"content":{"rendered":"\n<p>Los trabajadores de ENAP conocidos como los Caminantes de Posesi\u00f3n, este mi\u00e9rcoles vuelven a la ruta para reunir dinero y colaborar con las Jornadas por la Rehabilitaci\u00f3n 2022, en una tradici\u00f3n que realizan hace 20 a\u00f1os.<\/p>\n\n\n\n<p>Este a\u00f1o los Caminantes recorrer\u00e1n cerca de 200 kil\u00f3metros entre el campamento Posesi\u00f3n y Punta Arenas, en un trayecto que har\u00e1n entre los d\u00edas 19 y 22 de octubre. Uno de los Caminantes, Jos\u00e9 Saldivia, dice que esperan superar lo recaudado en 2021, comenta que -en todo caso- ya cuentan con una base, pues en las actividades realizadas durante estos meses en el campamento, han podido recaudar dinero proveniente de rifas y venta de alimentos, entre otras cosas.<\/p>\n\n\n\n<p>Saldivia destaca que \u201chay un gran trabajo detr\u00e1s de esto y siempre agradecemos el apoyo que nos brindan nuestros compa\u00f1eros y la superintendencia ENAP. En especial agradecemos al Sindicato de Trabajadores de ENAP Magallanes, porque fueron el pilar de los eventos realizados en campamento\u201d. \u00c9l junto a Mauricio Morales y Diego Jaramillo ser\u00e1n protagonistas del gran desaf\u00edo este a\u00f1o, instando a colaborar a todos los que transiten por la Ruta H255.<\/p>\n\n\n\n<p>\u201cTodo aporte ser\u00e1 bienvenido. Ojal\u00e1 que quienes transiten por la ruta estos d\u00edas se detengan y colaboren. Y no solo nacionales, ya que muchos argentinos transitan por aqu\u00ed y han sido parte de las campa\u00f1as, porque admiran lo que hacemos en Magallanes\u201d, enfatiza Saldivia.<\/p>\n\n\n\n<p>Este lunes los Caminantes realizaron un inicio simb\u00f3lico en el edificio central de ENAP Magallanes, donde recorrieron los distintos pisos recibiendo el cari\u00f1o y los aportes de sus compa\u00f1eros de trabajo y ejecutivos de la empresa.<\/p>\n\n\n\n<p>Al igual que en a\u00f1os anteriores, en esta tradicional actividad tambi\u00e9n est\u00e1n colaborando empresas como Ecocopter y Nexxo, el Centro Femenino de ENAP Magallanes, Geopark y Carabineros de Chile, instituci\u00f3n que dispone apoyo y seguridad durante el trayecto, en especial, a los funcionarios de Ca\u00f1ad\u00f3n Grande y Monte Aymond.<\/p>\n","protected":false},"excerpt":{"rendered":"<p>Los trabajadores de ENAP conocidos como los Caminantes de Posesi\u00f3n, este mi\u00e9rcoles vuelven a la ruta para reunir dinero y colaborar con las Jornadas por la Rehabilitaci\u00f3n 2022, en una&#8230; <a class=\"read-more\" href=\"https:\/\/www.radiopresidenteibanez.cl\/web\/los-caminantes-de-posesion-salen-a-la-ruta-para-apoyar-las-jornadas-por-la-rehabilitacion\/\">Leer m\u00e1s<\/a><\/p>\n","protected":false},"author":2,"featured_media":33575,"comment_status":"closed","ping_status":"closed","sticky":false,"template":"","format":"standard","meta":{"footnotes":""},"categories":[1],"tags":[],"class_list":["post-33574","post","type-post","status-publish","format-standard","has-post-thumbnail","hentry","category-cronica"],"_links":{"self":[{"href":"https:\/\/www.radiopresidenteibanez.cl\/web\/wp-json\/wp\/v2\/posts\/33574","targetHints":{"allow":["GET"]}}],"collection":[{"href":"https:\/\/www.radiopresidenteibanez.cl\/web\/wp-json\/wp\/v2\/posts"}],"about":[{"href":"https:\/\/www.radiopresidenteibanez.cl\/web\/wp-json\/wp\/v2\/types\/post"}],"author":[{"embeddable":true,"href":"https:\/\/www.radiopresidenteibanez.cl\/web\/wp-json\/wp\/v2\/users\/2"}],"replies":[{"embeddable":true,"href":"https:\/\/www.radiopresidenteibanez.cl\/web\/wp-json\/wp\/v2\/comments?post=33574"}],"version-history":[{"count":0,"href":"https:\/\/www.radiopresidenteibanez.cl\/web\/wp-json\/wp\/v2\/posts\/33574\/revisions"}],"wp:featuredmedia":[{"embeddable":true,"href":"https:\/\/www.radiopresidenteibanez.cl\/web\/wp-json\/wp\/v2\/media\/33575"}],"wp:attachment":[{"href":"https:\/\/www.radiopresidenteibanez.cl\/web\/wp-json\/wp\/v2\/media?parent=33574"}],"wp:term":[{"taxonomy":"category","embeddable":true,"href":"https:\/\/www.radiopresidenteibanez.cl\/web\/wp-json\/wp\/v2\/categories?post=33574"},{"taxonomy":"post_tag","embeddable":true,"href":"https:\/\/www.radiopresidenteibanez.cl\/web\/wp-json\/wp\/v2\/tags?post=33574"}],"curies":[{"name":"wp","href":"https:\/\/api.w.org\/{rel}","templated":true}]}}