{"id":33565,"date":"2022-10-19T12:38:00","date_gmt":"2022-10-19T15:38:00","guid":{"rendered":"https:\/\/www.radiopresidenteibanez.cl\/web\/?p=33565"},"modified":"2022-10-19T10:42:28","modified_gmt":"2022-10-19T13:42:28","slug":"proyecto-para-el-almacenamiento-de-energias-renovables-avanza-en-el-congreso","status":"publish","type":"post","link":"https:\/\/www.radiopresidenteibanez.cl\/web\/proyecto-para-el-almacenamiento-de-energias-renovables-avanza-en-el-congreso\/","title":{"rendered":"Proyecto para el Almacenamiento de energ\u00edas renovables\u00a0avanza en el congreso"},"content":{"rendered":"\n<blockquote class=\"wp-block-quote is-layout-flow wp-block-quote-is-layout-flow\"><p>Otro importante paso dio el proyecto del almacenamiento de energ\u00eda y electromovilidad presentado por el Ministerio de Energ\u00eda y que busca ampliar la participaci\u00f3n de energ\u00edas renovables en la matriz el\u00e9ctrica mediante la promoci\u00f3n de tecnolog\u00edas para su almacenamiento, permitiendo el retiro de centrales a carb\u00f3n y entregar mayor seguridad al sistema el\u00e9ctrico.&nbsp;<\/p><p>El ministro de Energ\u00eda, Diego Pardow, particip\u00f3 en sesi\u00f3n de la Comisi\u00f3n de Hacienda del Senado, instancia donde el proyecto fue aprobado por unanimidad, tras lo cual&nbsp;&nbsp;destac\u00f3 la necesidad de avanzar en la materia. \u201cEste es un proyecto fundamental para continuar avanzando con nuestras metas de hacer m\u00e1s verde nuestra matriz energ\u00e9tica\u201d, afirm\u00f3.&nbsp;&nbsp;<\/p><p>La autoridad relev\u00f3 adem\u00e1s la importancia de esta iniciativa considerando la situaci\u00f3n que enfrentan algunas empresas generadoras. \u201cEs de p\u00fablico conocimiento que hay empresas de energ\u00edas renovables que est\u00e1n experimentado problemas de ingreso debido al vertimiento de energ\u00eda que hay en el norte de pa\u00eds y esto es energ\u00eda que no se est\u00e1 consiguiendo inyectar al Sistema Interconecta Central, si no que se est\u00e1 botando literalmente. La idea de este proyecto de almacenamiento es remunerar adecuadamente este servicio y que permita acumular la energ\u00eda renovable e inyectarla en horas oscuras\u201d, a\u00f1adi\u00f3.&nbsp;&nbsp;&nbsp;&nbsp;<\/p><p>Otra de los objetivos que tiene este proyecto es promover la electromovilidad. Por esta raz\u00f3n, se busca rebajar transitoriamente por 8 a\u00f1os el costo de los permisos de circulaci\u00f3n de los veh\u00edculos el\u00e9ctricos para equipararlo con el de veh\u00edculos de combusti\u00f3n interna, los cuales son en promedio un 65% m\u00e1s baratos. En los primeros dos a\u00f1os existir\u00e1 una eximici\u00f3n total, la cual ir\u00e1 disminuyendo gradualmente hasta el octavo a\u00f1o.&nbsp;<\/p><p>Asimismo, la iniciativa habilita a los veh\u00edculos el\u00e9ctricos a participar de la red de distribuci\u00f3n como equipos de almacenamiento, permitiendo nuevas aplicaciones y servicios asociados.&nbsp;<\/p><p>Tras su aprobaci\u00f3n en el Comisi\u00f3n de Hacienda el proyecto de ley ser\u00e1 votado ma\u00f1ana en Sala del Senado. \u201cEste proyecto es muy importante y llevamos impuls\u00e1ndolo desde que asumimos el liderazgo del ministerio y la expectativa es que ojal\u00e1 ma\u00f1ana termine su tramitaci\u00f3n legislativa con una aprobaci\u00f3n en la Sala del Senado\u201d, expres\u00f3 el ministro Pardow.&nbsp;&nbsp;&nbsp;<\/p><\/blockquote>\n","protected":false},"excerpt":{"rendered":"<p>Otro importante paso dio el proyecto del almacenamiento de energ\u00eda y electromovilidad presentado por el Ministerio de Energ\u00eda y que busca ampliar la participaci\u00f3n de energ\u00edas renovables en la matriz&#8230; <a class=\"read-more\" href=\"https:\/\/www.radiopresidenteibanez.cl\/web\/proyecto-para-el-almacenamiento-de-energias-renovables-avanza-en-el-congreso\/\">Leer m\u00e1s<\/a><\/p>\n","protected":false},"author":2,"featured_media":33566,"comment_status":"closed","ping_status":"closed","sticky":false,"template":"","format":"standard","meta":{"footnotes":""},"categories":[1],"tags":[],"class_list":["post-33565","post","type-post","status-publish","format-standard","has-post-thumbnail","hentry","category-cronica"],"_links":{"self":[{"href":"https:\/\/www.radiopresidenteibanez.cl\/web\/wp-json\/wp\/v2\/posts\/33565","targetHints":{"allow":["GET"]}}],"collection":[{"href":"https:\/\/www.radiopresidenteibanez.cl\/web\/wp-json\/wp\/v2\/posts"}],"about":[{"href":"https:\/\/www.radiopresidenteibanez.cl\/web\/wp-json\/wp\/v2\/types\/post"}],"author":[{"embeddable":true,"href":"https:\/\/www.radiopresidenteibanez.cl\/web\/wp-json\/wp\/v2\/users\/2"}],"replies":[{"embeddable":true,"href":"https:\/\/www.radiopresidenteibanez.cl\/web\/wp-json\/wp\/v2\/comments?post=33565"}],"version-history":[{"count":0,"href":"https:\/\/www.radiopresidenteibanez.cl\/web\/wp-json\/wp\/v2\/posts\/33565\/revisions"}],"wp:featuredmedia":[{"embeddable":true,"href":"https:\/\/www.radiopresidenteibanez.cl\/web\/wp-json\/wp\/v2\/media\/33566"}],"wp:attachment":[{"href":"https:\/\/www.radiopresidenteibanez.cl\/web\/wp-json\/wp\/v2\/media?parent=33565"}],"wp:term":[{"taxonomy":"category","embeddable":true,"href":"https:\/\/www.radiopresidenteibanez.cl\/web\/wp-json\/wp\/v2\/categories?post=33565"},{"taxonomy":"post_tag","embeddable":true,"href":"https:\/\/www.radiopresidenteibanez.cl\/web\/wp-json\/wp\/v2\/tags?post=33565"}],"curies":[{"name":"wp","href":"https:\/\/api.w.org\/{rel}","templated":true}]}}