{"id":33510,"date":"2022-10-17T16:57:00","date_gmt":"2022-10-17T19:57:00","guid":{"rendered":"https:\/\/www.radiopresidenteibanez.cl\/web\/?p=33510"},"modified":"2022-10-17T16:08:07","modified_gmt":"2022-10-17T19:08:07","slug":"mas-de-un-centenar-de-personas-disfrutaron-del-sol-en-la-costanera-es-tuya","status":"publish","type":"post","link":"https:\/\/www.radiopresidenteibanez.cl\/web\/mas-de-un-centenar-de-personas-disfrutaron-del-sol-en-la-costanera-es-tuya\/","title":{"rendered":"M\u00e1s de un centenar de personas disfrutaron del sol en \u201cLa Costanera es tuya\u201d"},"content":{"rendered":"\n<p>Un hermoso d\u00eda de sol acompa\u00f1\u00f3, este domingo (16 de octubre) una nueva jornada de La Costanera es Tuya, que reuni\u00f3 a m\u00e1s de un centenar de personas que llegaron hasta orillas del estrecho para realizar distintos deportes, como caminata, patinaje, ciclismo, y trote.<\/p>\n\n\n\n<p>Adem\u00e1s, los asistentes pudieron participar de zumba y strong, actividades que contaron con la presencia del destacado Master trainer de strong, proveniente de Argentina, Jony Conquers.<\/p>\n\n\n\n<p>\u201cDesde el a\u00f1o pasado estamos con un compromiso, de al menos cerrar una vez al mes este lado de la Costanera para ver lo que estamos viendo: familias que est\u00e1n caminando, ni\u00f1os que est\u00e1n patinando, que est\u00e1n en un ambiente de seguridad con su familia al lado y lo que buscamos finalmente es que este espacio p\u00fablico que es tan lindo, al lado del estrecho y hoy con un d\u00eda espectacular, sea tomado por las familias para compartir, para hacer un poco de ejercicio\u201d, afirm\u00f3 el alcalde de Punta Arenas, Claudio Radonich.<\/p>\n\n\n\n<p>Los asistentes destacaron la posibilidad de realizar sus deportes favoritos de manera libre y resguardada. \u201cGenial, es una oportunidad que se da para todos los que tienen distintas disciplinas de deportes, es genial, para tener un espacio ya que muchos, por ejemplo, como nosotros, no contamos con el espacio para poder desempe\u00f1ar nuestra disciplina y que tengamos la calle para poder patinar, o las canchas, es genial, especialmente tambi\u00e9n para otros deportes que puedan sumarse\u201d, afirm\u00f3 Luis Escobar, perteneciente al Club Kotaix de Hockey.<\/p>\n\n\n\n<p>Por su parte, Gladys Vera indic\u00f3 que \u201cCreo que es una buena instancia ya que en Punta Arenas uno no tiene mucho para divertirse y entretenerse, as\u00ed que yo creo que es bonito salir con la familia y hacer actividades deportivas\u201d.<\/p>\n","protected":false},"excerpt":{"rendered":"<p>Un hermoso d\u00eda de sol acompa\u00f1\u00f3, este domingo (16 de octubre) una nueva jornada de La Costanera es Tuya, que reuni\u00f3 a m\u00e1s de un centenar de personas que llegaron&#8230; <a class=\"read-more\" href=\"https:\/\/www.radiopresidenteibanez.cl\/web\/mas-de-un-centenar-de-personas-disfrutaron-del-sol-en-la-costanera-es-tuya\/\">Leer m\u00e1s<\/a><\/p>\n","protected":false},"author":2,"featured_media":33511,"comment_status":"closed","ping_status":"closed","sticky":false,"template":"","format":"standard","meta":{"footnotes":""},"categories":[1],"tags":[],"class_list":["post-33510","post","type-post","status-publish","format-standard","has-post-thumbnail","hentry","category-cronica"],"_links":{"self":[{"href":"https:\/\/www.radiopresidenteibanez.cl\/web\/wp-json\/wp\/v2\/posts\/33510","targetHints":{"allow":["GET"]}}],"collection":[{"href":"https:\/\/www.radiopresidenteibanez.cl\/web\/wp-json\/wp\/v2\/posts"}],"about":[{"href":"https:\/\/www.radiopresidenteibanez.cl\/web\/wp-json\/wp\/v2\/types\/post"}],"author":[{"embeddable":true,"href":"https:\/\/www.radiopresidenteibanez.cl\/web\/wp-json\/wp\/v2\/users\/2"}],"replies":[{"embeddable":true,"href":"https:\/\/www.radiopresidenteibanez.cl\/web\/wp-json\/wp\/v2\/comments?post=33510"}],"version-history":[{"count":0,"href":"https:\/\/www.radiopresidenteibanez.cl\/web\/wp-json\/wp\/v2\/posts\/33510\/revisions"}],"wp:featuredmedia":[{"embeddable":true,"href":"https:\/\/www.radiopresidenteibanez.cl\/web\/wp-json\/wp\/v2\/media\/33511"}],"wp:attachment":[{"href":"https:\/\/www.radiopresidenteibanez.cl\/web\/wp-json\/wp\/v2\/media?parent=33510"}],"wp:term":[{"taxonomy":"category","embeddable":true,"href":"https:\/\/www.radiopresidenteibanez.cl\/web\/wp-json\/wp\/v2\/categories?post=33510"},{"taxonomy":"post_tag","embeddable":true,"href":"https:\/\/www.radiopresidenteibanez.cl\/web\/wp-json\/wp\/v2\/tags?post=33510"}],"curies":[{"name":"wp","href":"https:\/\/api.w.org\/{rel}","templated":true}]}}