{"id":33507,"date":"2022-10-17T15:59:35","date_gmt":"2022-10-17T18:59:35","guid":{"rendered":"https:\/\/www.radiopresidenteibanez.cl\/web\/?p=33507"},"modified":"2022-10-17T15:59:53","modified_gmt":"2022-10-17T18:59:53","slug":"rector-jose-maripani-estrecho-vinculos-con-autoridades-regionales-y-academicas-en-su-visita-a-aysen","status":"publish","type":"post","link":"https:\/\/www.radiopresidenteibanez.cl\/web\/rector-jose-maripani-estrecho-vinculos-con-autoridades-regionales-y-academicas-en-su-visita-a-aysen\/","title":{"rendered":"Rector Jos\u00e9 Maripani estrech\u00f3 v\u00ednculos con autoridades regionales y acad\u00e9micas en su visita a Ays\u00e9n"},"content":{"rendered":"\n<p>El rector de la Universidad de Magallanes (UMAG), Jos\u00e9 Maripani, visit\u00f3 hace algunos d\u00edas la regi\u00f3n de Ays\u00e9n donde sostuvo una serie de reuniones, las cuales catalog\u00f3 como \u201cinteresantes y productivas\u201d. En primer lugar, estuvo junto a la gobernadora de la regi\u00f3n, Andrea Mac\u00edas y al administrador regional, Erik Adio, dialogando acerca de la importancia de potenciar el v\u00ednculo entre las universidades que est\u00e1n situadas en zonas extremas y sus respectivos Gobiernos Regionales.<\/p>\n\n\n\n<p>\u201cSabemos que somos una macrozona que comparte muchas caracter\u00edsticas comunes pero tambi\u00e9n visiones de desarrollo; en eso entendemos que el rol que cumplen las universidades p\u00fablicas para el desarrollo de los territorios es fundamental, y desde ah\u00ed debemos establecer alianzas estrat\u00e9gicas con los Gobiernos Regionales. Por otra parte, uno de los temas m\u00e1s relevantes de la reuni\u00f3n tuvo que ver con el financiamiento de las universidades p\u00fablicas en zonas extremas, donde nos hemos comprometido como Gobierno Regional a poder generar todas las acciones necesarias para apoyarlas\u201d, expres\u00f3 la gobernadora Mac\u00edas.<\/p>\n\n\n\n<p>Posteriormente, el rector Maripani se reuni\u00f3 con la rectora de la Universidad de Ays\u00e9n (UAys\u00e9n), Natasha Pino, y con las autoridades regionales para profundizar respecto de las distintas colaboraciones y v\u00edas financieras a las cuales pueden postular estas universidades por su rol estrat\u00e9gico y geopol\u00edtico, con el fin de contribuir al desarrollo de sus comunidades. Bajo esa perspectiva, analizaron c\u00f3mo plantear y sensibilizar a los Gobiernos Regionales para que puedan seguir apoyando esta importante labor que desarrollan ambas casas de estudios.<\/p>\n\n\n\n<p>\u201cEstuvimos trabajando en identificar temas presupuestarios. Nos interesa ver respecto de las zonas extremas qu\u00e9 posibilidades hay en dos cuestiones espec\u00edficas: una tiene que ver con la asignaci\u00f3n de zona para las zonas extremas y el bono de zonas extremas. Luego trabajamos en c\u00f3mo ir generando acciones en conjunto en nuestro proyecto de colaboraci\u00f3n entre los dos Gobiernos Regionales y dos universidades regionales, que permitan fortalecer el sistema de educaci\u00f3n superior estatal y regional\u201d, se\u00f1al\u00f3 la rectora Pino.<\/p>\n\n\n\n<p>En tanto, el rector Maripani, indic\u00f3 que \u201ctuvimos una reuni\u00f3n especial en t\u00e9rminos de profundizar labores de colaboraci\u00f3n con la Universidad de Ays\u00e9n, y as\u00ed contribuir a que esta universidad avance en el desarrollo de la educaci\u00f3n tecnol\u00f3gica y en niveles t\u00e9cnicos en la Universidad de Coyhaique. Quedamos en formalizar m\u00e1s reuniones para avanzar en esta l\u00ednea, que nos parece que es fundamental para que nuestras universidades del Estado, que est\u00e1n en zonas extremas, puedan contribuir a la formaci\u00f3n de capital humano de las distintas personas que habitamos en estos hermosos y pr\u00edstinos territorios del sur del mundo\u201d.<\/p>\n\n\n\n<p><strong>T\u00e9rmino de su itinerario por Ays\u00e9n<\/strong><\/p>\n\n\n\n<p>La m\u00e1xima autoridad de la UMAG tambi\u00e9n asisti\u00f3 a una reuni\u00f3n con el rector del Centro de Formaci\u00f3n T\u00e9cnica (CFT) de Ays\u00e9n, V\u00edctor \u00c1lvarez. Al respecto, se\u00f1al\u00f3 que \u201cnos informamos acerca de su proyecto educativo y c\u00f3mo ellos est\u00e1n planteando el desarrollo en una regi\u00f3n tan aislada como es la ciudad de Puerto Ays\u00e9n. Por otro lado, tambi\u00e9n se manifest\u00f3 el inter\u00e9s que ellos tienen para que las universidades del Estado contribuyamos en los procesos de articulaci\u00f3n que debieran tener los estudiantes que culminen sus estudios en los CFT estatales\u201d.<\/p>\n\n\n\n<p>Para finalizar su itinerario estuvo junto al alcalde de Coyhaique, Carlos Gatica, en una conversaci\u00f3n que tuvo como eje central al Centro Universitario de Coyhaique, que es dependiente de la Universidad de Magallanes. Esta larga trayectoria de trabajo se estrech\u00f3 luego de su instalaci\u00f3n en la regi\u00f3n de Ays\u00e9n, la cual se hizo efectiva gracias a una colaboraci\u00f3n con el municipio comunal; trabajo que ambas partes buscan que siga creciendo.<\/p>\n","protected":false},"excerpt":{"rendered":"<p>El rector de la Universidad de Magallanes (UMAG), Jos\u00e9 Maripani, visit\u00f3 hace algunos d\u00edas la regi\u00f3n de Ays\u00e9n donde sostuvo una serie de reuniones, las cuales catalog\u00f3 como \u201cinteresantes y&#8230; <a class=\"read-more\" href=\"https:\/\/www.radiopresidenteibanez.cl\/web\/rector-jose-maripani-estrecho-vinculos-con-autoridades-regionales-y-academicas-en-su-visita-a-aysen\/\">Leer m\u00e1s<\/a><\/p>\n","protected":false},"author":2,"featured_media":33508,"comment_status":"closed","ping_status":"closed","sticky":false,"template":"","format":"standard","meta":{"footnotes":""},"categories":[1],"tags":[],"class_list":["post-33507","post","type-post","status-publish","format-standard","has-post-thumbnail","hentry","category-cronica"],"_links":{"self":[{"href":"https:\/\/www.radiopresidenteibanez.cl\/web\/wp-json\/wp\/v2\/posts\/33507","targetHints":{"allow":["GET"]}}],"collection":[{"href":"https:\/\/www.radiopresidenteibanez.cl\/web\/wp-json\/wp\/v2\/posts"}],"about":[{"href":"https:\/\/www.radiopresidenteibanez.cl\/web\/wp-json\/wp\/v2\/types\/post"}],"author":[{"embeddable":true,"href":"https:\/\/www.radiopresidenteibanez.cl\/web\/wp-json\/wp\/v2\/users\/2"}],"replies":[{"embeddable":true,"href":"https:\/\/www.radiopresidenteibanez.cl\/web\/wp-json\/wp\/v2\/comments?post=33507"}],"version-history":[{"count":0,"href":"https:\/\/www.radiopresidenteibanez.cl\/web\/wp-json\/wp\/v2\/posts\/33507\/revisions"}],"wp:featuredmedia":[{"embeddable":true,"href":"https:\/\/www.radiopresidenteibanez.cl\/web\/wp-json\/wp\/v2\/media\/33508"}],"wp:attachment":[{"href":"https:\/\/www.radiopresidenteibanez.cl\/web\/wp-json\/wp\/v2\/media?parent=33507"}],"wp:term":[{"taxonomy":"category","embeddable":true,"href":"https:\/\/www.radiopresidenteibanez.cl\/web\/wp-json\/wp\/v2\/categories?post=33507"},{"taxonomy":"post_tag","embeddable":true,"href":"https:\/\/www.radiopresidenteibanez.cl\/web\/wp-json\/wp\/v2\/tags?post=33507"}],"curies":[{"name":"wp","href":"https:\/\/api.w.org\/{rel}","templated":true}]}}