{"id":33495,"date":"2022-10-17T11:12:00","date_gmt":"2022-10-17T14:12:00","guid":{"rendered":"https:\/\/www.radiopresidenteibanez.cl\/web\/?p=33495"},"modified":"2022-10-17T09:58:47","modified_gmt":"2022-10-17T12:58:47","slug":"noche-de-brujas-cerro-exitosa-semana-san-gregorina-2022","status":"publish","type":"post","link":"https:\/\/www.radiopresidenteibanez.cl\/web\/noche-de-brujas-cerro-exitosa-semana-san-gregorina-2022\/","title":{"rendered":"\u201cNoche de Brujas\u201d cerr\u00f3 exitosa Semana San Gregorina 2022"},"content":{"rendered":"\n<p>En la Cancha de Jineteadas de Villa Punta Delgada (a un costado de la ruta CH-255) m\u00e1s de dos mil personas disfrutaron del concierto de la banda nacional \u201cNoche de Brujas\u201d, en la jornada final de la Semana San Gregorina 2022.<\/p>\n\n\n\n<p>\u201cEstoy muy contento, me siento honrado y agradecido por la invitaci\u00f3n para poder estar presente en la celebraci\u00f3n del aniversario n\u00famero 43 de San Gregorio. Es una zona de casi setecientos habitantes, pero hay mucho m\u00e1s p\u00fablico y eso es muy gratificante. Estamos orgullosos de estar presentes ac\u00e1 como banda nacional. Como m\u00fasicos somos un b\u00e1lsamo para todo lo que ocurre en la sociedad y somos responsables de llevar alegr\u00eda al p\u00fablico\u201d, asegur\u00f3 H\u00e9ctor \u201cKanela\u201d Mu\u00f1oz.<\/p>\n\n\n\n<p>M\u00e1s de dos mil personas corearon los \u00e9xitos de Noche de Brujas, como \u201cMe gusta todo de ti\u201d y \u201cEntr\u00e9game\u201d y se quedaron hasta el final para obtener alguna fotograf\u00eda con la banda nacional. No s\u00f3lo la comunidad de San Gregorio vibr\u00f3 con el show musical, sino que gran parte del p\u00fablico proven\u00eda de Punta Arenas, Puerto Natales, Porvenir, y R\u00edo Seco, entre otras localidades cercanas.<\/p>\n\n\n\n<p>\u201cVali\u00f3 la pena venir de tan lejos para ver a Noche de Brujas. Disfrutamos mucho con mi familia y amigas\u201d, se\u00f1al\u00f3 Alejandra Saldivia, habitante de Puerto Natales.<\/p>\n\n\n\n<p>\u201cFue un show muy completo, estuvo mucho tiempo en el escenario y cant\u00f3 todas las canciones. Espectacular que una comuna tan peque\u00f1a como San Gregorio traiga a esta banda nacional\u201d, apreci\u00f3 Thiare Alfaro, quien se traslad\u00f3 desde Punta Arenas a la comuna rural.<\/p>\n\n\n\n<p>Susana Douglas fue una de las vecinas de San Gregorio que se instalaron desde temprano en la primera fila para ver a \u201cNoche de Brujas\u201d y al finalizar coment\u00f3 que \u201cdespu\u00e9s de la pandemia necesit\u00e1bamos un show como \u00e9ste, espectacular, grandioso\u201d.<\/p>\n\n\n\n<p>Cabe destacar que la \u201cSemana San Gregorina 2022\u201d incluy\u00f3 varias actividades gratuitas para la comunidad magall\u00e1nica. El mi\u00e9rcoles 12 de octubre se desarroll\u00f3 la&nbsp;<strong>corrida nocturna<\/strong>&nbsp;\u201cThe Color Run\u201d en recorridos de 5K y 2K.&nbsp;Luego, el&nbsp;jueves 13 de octubre m\u00e1s de veinte personas participaron del&nbsp;<strong>\u201cCampeonato de truco y carioca\u201d<\/strong>. En tanto, el viernes 14 de octubre se vivi\u00f3 una&nbsp;<strong>tarde cultural<\/strong>&nbsp;en el Gimnasio Municipal de San Gregorio, instancia en los vecinos y vecinas de Villa Punta Delgada disfrutaron de la presentaci\u00f3n del Ballet Municipal Teatro Jos\u00e9 Bohr y del conjunto local \u201cFlor de Calafate\u201d. El \u00faltimo d\u00eda, s\u00e1bado 15 de octubre, se realizaron las&nbsp;<strong>Jineteadas Clasificatorias<\/strong>, la presentaci\u00f3n de&nbsp;<strong>\u201cNoche de Brujas\u201d<\/strong>&nbsp;y una gran&nbsp;<strong>Fiesta San Gregorina<\/strong>.<\/p>\n\n\n\n<p>\u201cEsta Semana ha sido muy gratificante porque estos eventos han servido para unir a las familias sangregorinas. Despu\u00e9s de la pandemia, se ha vuelto a ver a nuestra comunidad unida. Adem\u00e1s, hemos podido disfrutar de shows art\u00edsticos que nunca se hab\u00edan presentado en San Gregorio, como las coreograf\u00edas y obra del Ballet Municipal Teatro Jos\u00e9 Bohr y el gran espect\u00e1culo musical de Noche de Brujas. Todos han sido eventos gratuitos y tambi\u00e9n hubo espacios para que emprendedores locales pudieran exponer y comercializar sus productos\u201d, apunta Jeannette Andrade, Alcaldesa de San Gregorio.<\/p>\n","protected":false},"excerpt":{"rendered":"<p>En la Cancha de Jineteadas de Villa Punta Delgada (a un costado de la ruta CH-255) m\u00e1s de dos mil personas disfrutaron del concierto de la banda nacional \u201cNoche de&#8230; <a class=\"read-more\" href=\"https:\/\/www.radiopresidenteibanez.cl\/web\/noche-de-brujas-cerro-exitosa-semana-san-gregorina-2022\/\">Leer m\u00e1s<\/a><\/p>\n","protected":false},"author":2,"featured_media":33496,"comment_status":"closed","ping_status":"closed","sticky":false,"template":"","format":"standard","meta":{"footnotes":""},"categories":[1],"tags":[],"class_list":["post-33495","post","type-post","status-publish","format-standard","has-post-thumbnail","hentry","category-cronica"],"_links":{"self":[{"href":"https:\/\/www.radiopresidenteibanez.cl\/web\/wp-json\/wp\/v2\/posts\/33495","targetHints":{"allow":["GET"]}}],"collection":[{"href":"https:\/\/www.radiopresidenteibanez.cl\/web\/wp-json\/wp\/v2\/posts"}],"about":[{"href":"https:\/\/www.radiopresidenteibanez.cl\/web\/wp-json\/wp\/v2\/types\/post"}],"author":[{"embeddable":true,"href":"https:\/\/www.radiopresidenteibanez.cl\/web\/wp-json\/wp\/v2\/users\/2"}],"replies":[{"embeddable":true,"href":"https:\/\/www.radiopresidenteibanez.cl\/web\/wp-json\/wp\/v2\/comments?post=33495"}],"version-history":[{"count":0,"href":"https:\/\/www.radiopresidenteibanez.cl\/web\/wp-json\/wp\/v2\/posts\/33495\/revisions"}],"wp:featuredmedia":[{"embeddable":true,"href":"https:\/\/www.radiopresidenteibanez.cl\/web\/wp-json\/wp\/v2\/media\/33496"}],"wp:attachment":[{"href":"https:\/\/www.radiopresidenteibanez.cl\/web\/wp-json\/wp\/v2\/media?parent=33495"}],"wp:term":[{"taxonomy":"category","embeddable":true,"href":"https:\/\/www.radiopresidenteibanez.cl\/web\/wp-json\/wp\/v2\/categories?post=33495"},{"taxonomy":"post_tag","embeddable":true,"href":"https:\/\/www.radiopresidenteibanez.cl\/web\/wp-json\/wp\/v2\/tags?post=33495"}],"curies":[{"name":"wp","href":"https:\/\/api.w.org\/{rel}","templated":true}]}}