{"id":33486,"date":"2022-10-17T08:18:33","date_gmt":"2022-10-17T11:18:33","guid":{"rendered":"https:\/\/www.radiopresidenteibanez.cl\/web\/?p=33486"},"modified":"2022-10-17T08:18:42","modified_gmt":"2022-10-17T11:18:42","slug":"el-pueblo-quiere-un-respiro","status":"publish","type":"post","link":"https:\/\/www.radiopresidenteibanez.cl\/web\/el-pueblo-quiere-un-respiro\/","title":{"rendered":"EL PUEBLO QUIERE UN RESPIRO"},"content":{"rendered":"\n<p>Amigos y amigas, esta semana estuvo marcada por tr\u00e1gicos y lamentables hechos delictivos, que impactaron en lo m\u00e1s profundo a la opini\u00f3n p\u00fablica nacional. El m\u00e1s publicitado, y con mayor repercusi\u00f3n, fue el ataque sufrido por un carabinero en Santiago. Se trata del Sargento segundo Carlos Retamal Jaque, quien hab\u00eda acudido a atender un caso de carreras clandestinas en San Antonio, y fue golpeado en su rostro con una gata hidr\u00e1ulica. El presunto autor de la agresi\u00f3n, se entreg\u00f3 d\u00edas despu\u00e9s, gracias a la presi\u00f3n ejercida en medios de comunicaci\u00f3n y redes sociales, pidiendo a los asistentes su identificaci\u00f3n. Se trata de un hombre de 24 a\u00f1os, conocido en redes sociales por su adhesi\u00f3n a grupos de ultra derecha. Como pocas veces antes, se produjo un inmediato y transversal rechazo a este hecho criminal, y fue ocasi\u00f3n para que el gobierno reafirmara su compromiso de lucha sin cuartel a la delincuencia. En palabras del propio presidente, \u201cSeremos unos perros en el combate a la delincuencia\u201d.&nbsp; Desde ya, el aumento sustantivo de presupuesto a las instituciones de orden y seguridad, es un anticipo del compromiso asumido, para todo el mandato.<\/p>\n\n\n\n<p>&nbsp;&nbsp;&nbsp;&nbsp;&nbsp;&nbsp;&nbsp;&nbsp;&nbsp;&nbsp;&nbsp;&nbsp;&nbsp;&nbsp;&nbsp; Como hemos advertido en columnas anteriores, vivimos momentos de crispaci\u00f3n, el clima pol\u00edtico en Chile est\u00e1 m\u00e1s polarizado que antes del plebiscito del 4 de septiembre. Esta polarizaci\u00f3n se manifiesta de formas brutales. Lo vimos, cuando en medio de las muestras de dolor y de solidaridad con la familia y la instituci\u00f3n de Orden y seguridad, pol\u00edticos de ultra derecha difundieron un video trucado, con las declaraciones de la vocera de gobierno Camila Vallejo. En un hecho incalificable de mentira y manipulaci\u00f3n, un acto artero, se extrajeron 10 segundos del video, donde la ministra hac\u00eda un llamado a los asistentes a la carrera clandestina. Se\u00f1alando que se sab\u00eda que no hab\u00edan tenido la intenci\u00f3n de participar en un hecho como el que se produjo. Con el video editado, se daba a entender que la ministra estaba exculpando a priori a los responsables, de la tr\u00e1gica muerte del Sargento Retamal. Este video, fue profusamente difundido por dirigentes pol\u00edticos de derecha, incluido el ex candidato presidencial Jos\u00e9 Kast. Fue transmitido en canales de TV abierta, y comentado en programas de opini\u00f3n. Lo que es m\u00e1s grave, es que una vez detectada la manipulaci\u00f3n, la noticia falsa, sigui\u00f3 repiti\u00e9ndose y coment\u00e1ndose. As\u00ed estamos en Chile, amigos y amigas, todo sirve para tratar de sacar provecho. En este caso, todo sirve para pegarle al gobierno. Descubiertos en la mentira, lejos de echar pie atr\u00e1s y disculparse, la ultra derecha, se lanz\u00f3 a una nueva campa\u00f1a. C\u00f3mo siguiendo el manual de Goebbels, para tapar una mentira, inventar otra. Y se encuentran hoy haciendo arqueolog\u00eda en twitter y otras redes sociales, para demostrar que los miembros del gobierno, han avalado la violencia en contra de carabineros de Chile.<\/p>\n\n\n\n<p>Lamentablemente para nuestro futuro inmediato, la moderaci\u00f3n, la prudencia, siguen ausentes. La altura de miras, tambi\u00e9n ausente poner el inter\u00e9s del pa\u00eds, por sobre todo. Ni siquiera las conversaciones para dar curso a un nuevo proceso constituyente, han estado exentas de este clima. Esta semana pudimos ver una escena pat\u00e9tica, en el congreso nacional, en reuni\u00f3n de la \u201cmesa paralela\u201d a la mesa dirigida por los presidentes del senado y la c\u00e1mara. Se produjo una reyerta a gritos, entre el diputado Gaspar Rivas y los dem\u00e1s integrantes, quienes, en sus palabras, ser\u00edan defensores de la dictadura de Pinochet, y como tales, contrarios a modificar la constituci\u00f3n del dictador. Empujones para all\u00e1 y para ac\u00e1, terminaron expulsando a Rivas, a gritos de la sala. Quienes deben poner cordura en este sector, no lo hacen. Los partidos de derecha contin\u00faan en su estrategia dilatoria, pese a grandes avances en la definici\u00f3n de los ya famosos \u201cbordes\u201d, se niegan a suscribir el acuerdo en el mes de octubre. Se se\u00f1ala que no se quiere dar a entender un apoyo al \u201coctubrismo\u201d. Un argumento que suena m\u00e1s a una nueva excusa para seguir dilatando. Lo claro es, que un eventual proceso constituyente, requiere de una reforma constitucional, que deber\u00e1 aprobarse por los 4\/7 de la c\u00e1mara y el senado. Proyecto que debe ser confeccionado y presentado por el gobierno. En este punto, podemos decir que la derecha sigue jugando a cuenta del 62% del plebiscito. Juega a cuenta de un capital que no le pertenece a ning\u00fan sector pol\u00edtico. En esto, el gobierno es el m\u00e1s interesado, en que el acuerdo cuaje, y se pueda dar curso a un nuevo proceso. Los ecos de las protestas callejeras de 2019, siguen presentes. El impacto de la violencia desatada por grupos marginales, pero que produjeron enorme da\u00f1o, aun se puede ver en distintas ciudades del pa\u00eds, y en la capital. Y lo que es m\u00e1s grave, que no se puede ni debe olvidar jam\u00e1s, las cicatrices de la represi\u00f3n desmedida, las v\u00edctimas de violaciones de derechos humanos, por agentes del estado. Todo esto, es una advertencia para el mundo pol\u00edtico, sobre todo para aquellos que se han r\u00e1pidamente acomodado a una supuesta, nueva posici\u00f3n de poder. Nadie tiene clavada la rueda de la fortuna, y la posibilidad de un nuevo estallido, que, aunque sea menos masivo, pueda ser m\u00e1s violento y destructivo, es una posibilidad real.<\/p>\n\n\n\n<p>Algo similar ha advertido, en entrevista de esta semana, el gran dirigente pol\u00edtico socialista, y uno de sus grandes intelectuales, Luis Maira. Este afirma algo que pocos en la izquierda nos hemos atrevido a sostener en p\u00fablico. La izquierda, el progresismo, sufri\u00f3 una derrota estrat\u00e9gica el 4 de septiembre, y para rehacerse de esta ca\u00edda, es esencial asumir que parte de la plataforma program\u00e1tica, no es viable en este escenario. En particular, se\u00f1ala Maira, que el actual gobierno, debe incorporar cambios en la forma, asumiendo que inicialmente, se habr\u00eda pecado de una suerte de arrogancia. Se debe ajustar el discurso a la nueva realidad del pa\u00eds, para convocar a los sectores moderados, a los sectores que tradicionalmente estuvieron con el progresismo, pero que se sintieron intimidados, o derechamente asustados por la propuesta constituyente. La suerte del gobierno depender\u00e1 de la capacidad que este tenga, para allegar apoyos a sus proyectos legislativos, que conciten mayor adhesi\u00f3n popular. Luis Maira, que mantiene una buena amistad con el presidente Boric, se\u00f1ala, que \u00e9ste es muy buen conversador, y que siempre pregunta y toma nota, acerca de episodios de la historia pol\u00edtica de Chile. Encuentra que el presidente, est\u00e1 consciente de los cambios que debe introducir en esta nueva etapa.<\/p>\n\n\n\n<p>Cuando nos acercamos a un nuevo aniversario del estallido social, es totalmente atingente y relevante, asumir con realismo la situaci\u00f3n actual del pa\u00eds. Vivimos una situaci\u00f3n econ\u00f3mica delicada, la alta inflaci\u00f3n golpea a los hogares, los salarios reales se han estancado o han disminuido, versus el alza en el costo de la vida. El ciudadano de a pie est\u00e1 agotado, del estallido a la pandemia, y de ah\u00ed a la virtual recesi\u00f3n econ\u00f3mica, no hay est\u00f3mago ni nervios que resistan, sin riesgo de colapso. La clase pol\u00edtica est\u00e1 en deuda con el pueblo de Chile. No se puede jugar con las expectativas de la gente. Todas las personas, sin importar su color pol\u00edtico, o lo que vot\u00f3 en el plebiscito, esperan una mejora en sus vidas.&nbsp; Esperan un alivio. Hoy no podemos esperar ese placebo, que fueron los retiros de las AFP, donde el alivio fue transitorio, y la dolencia contin\u00faa, y hoy nos tiene pagando los costos en inflaci\u00f3n. No es, por tanto, s\u00f3lo un alivio econ\u00f3mico, de recibir m\u00e1s transferencias del estado, es sentir que por fin el pa\u00eds se enriela en un camino de paz, de concordia, que nos permita construir nuestras vidas en libertad, y prosperar. Esto es tarea del gobierno y de la oposici\u00f3n. Dejar atr\u00e1s los egos, y construir juntos, el tiempo corre r\u00e1pido, y la historia toca a la puerta.<\/p>\n\n\n\n<p>Ernesto Sep\u00falveda Tornero<\/p>\n","protected":false},"excerpt":{"rendered":"<p>Amigos y amigas, esta semana estuvo marcada por tr\u00e1gicos y lamentables hechos delictivos, que impactaron en lo m\u00e1s profundo a la opini\u00f3n p\u00fablica nacional. El m\u00e1s publicitado, y con mayor&#8230; <a class=\"read-more\" href=\"https:\/\/www.radiopresidenteibanez.cl\/web\/el-pueblo-quiere-un-respiro\/\">Leer m\u00e1s<\/a><\/p>\n","protected":false},"author":2,"featured_media":33487,"comment_status":"closed","ping_status":"closed","sticky":false,"template":"","format":"standard","meta":{"footnotes":""},"categories":[1],"tags":[],"class_list":["post-33486","post","type-post","status-publish","format-standard","has-post-thumbnail","hentry","category-cronica"],"_links":{"self":[{"href":"https:\/\/www.radiopresidenteibanez.cl\/web\/wp-json\/wp\/v2\/posts\/33486","targetHints":{"allow":["GET"]}}],"collection":[{"href":"https:\/\/www.radiopresidenteibanez.cl\/web\/wp-json\/wp\/v2\/posts"}],"about":[{"href":"https:\/\/www.radiopresidenteibanez.cl\/web\/wp-json\/wp\/v2\/types\/post"}],"author":[{"embeddable":true,"href":"https:\/\/www.radiopresidenteibanez.cl\/web\/wp-json\/wp\/v2\/users\/2"}],"replies":[{"embeddable":true,"href":"https:\/\/www.radiopresidenteibanez.cl\/web\/wp-json\/wp\/v2\/comments?post=33486"}],"version-history":[{"count":0,"href":"https:\/\/www.radiopresidenteibanez.cl\/web\/wp-json\/wp\/v2\/posts\/33486\/revisions"}],"wp:featuredmedia":[{"embeddable":true,"href":"https:\/\/www.radiopresidenteibanez.cl\/web\/wp-json\/wp\/v2\/media\/33487"}],"wp:attachment":[{"href":"https:\/\/www.radiopresidenteibanez.cl\/web\/wp-json\/wp\/v2\/media?parent=33486"}],"wp:term":[{"taxonomy":"category","embeddable":true,"href":"https:\/\/www.radiopresidenteibanez.cl\/web\/wp-json\/wp\/v2\/categories?post=33486"},{"taxonomy":"post_tag","embeddable":true,"href":"https:\/\/www.radiopresidenteibanez.cl\/web\/wp-json\/wp\/v2\/tags?post=33486"}],"curies":[{"name":"wp","href":"https:\/\/api.w.org\/{rel}","templated":true}]}}