{"id":33482,"date":"2022-10-16T15:23:00","date_gmt":"2022-10-16T18:23:00","guid":{"rendered":"https:\/\/www.radiopresidenteibanez.cl\/web\/?p=33482"},"modified":"2022-10-15T23:05:17","modified_gmt":"2022-10-16T02:05:17","slug":"mop-convoca-a-concurso-de-relatos-sobre-la-1a-compania-de-bomberos-para-celebrar-el-dia-regional-de-los-patrimonios","status":"publish","type":"post","link":"https:\/\/www.radiopresidenteibanez.cl\/web\/mop-convoca-a-concurso-de-relatos-sobre-la-1a-compania-de-bomberos-para-celebrar-el-dia-regional-de-los-patrimonios\/","title":{"rendered":"MOP CONVOCA A CONCURSO DE RELATOS SOBRE LA 1\u00aa COMPA\u00d1\u00cdA DE BOMBEROS PARA CELEBRAR EL DIA REGIONAL DE LOS PATRIMONIOS"},"content":{"rendered":"\n<p>El cuartel de la Primera Compa\u00f1\u00eda de Bomberos de Punta Arenas ser\u00e1 nuevamente un hito de inter\u00e9s durante la celebraci\u00f3n del D\u00eda Regional de los Patrimonios, gracias a la realizaci\u00f3n por parte del Ministerio de Obras P\u00fablicas de un Concurso Literario que invita a plasmar la relevancia de este emblem\u00e1tico edificio en relatos de 133 palabras de extensi\u00f3n.<\/p>\n\n\n\n<p>El Concurso de relatos \u201cMemorias en la Primera Compa\u00f1\u00eda de Bomberos \u2013 133 palabras\u201d tiene como objetivo recoger experiencias de vida, an\u00e9cdotas o ficciones que est\u00e9n vinculadas a este representativo edificio patrimonial, en conmemoraci\u00f3n de los 133 a\u00f1os de existencia de esta Compa\u00f1\u00eda emplazada en el casco hist\u00f3rico de la capital magall\u00e1nica.<\/p>\n\n\n\n<p>\u201cEste cuartel fue durante muchas d\u00e9cadas el principal centro social de Punta Arenas, pues ah\u00ed se realizaban las principales reuniones, adem\u00e1s de ser la sede para festividades e incluso bailes y obras de teatro, por lo que existe material suficiente para motivar la creatividad de los participantes en este concurso. Tambi\u00e9n nos parece una positiva forma de esperar el inminente inicio de las obras de restauraci\u00f3n que efectuaremos con recursos del Gobierno Regional\u201d, explic\u00f3 la Seremi de Obras P\u00fablicas, Dahi\u00e1n Oyarz\u00fan.<\/p>\n\n\n\n<p>El jurado del concurso elegir\u00e1 un total de ocho relatos finalistas, entre los cuales seleccionar\u00e1 el primer premio y los premios especiales para las categor\u00edas de Talento Infantil (concursantes hasta 12 a\u00f1os), Talento Joven (entre 13 y 17 a\u00f1os) y Talento Mayor (mayores de 65 a\u00f1os), adem\u00e1s de cuatro menciones honrosas.<\/p>\n\n\n\n<p>Los premios a los relatos ganadores ser\u00e1n entregados en una ceremonia a realizarse el domingo 23 de octubre, a las 17 horas, en la Sala de M\u00e1quinas de la Primera Compa\u00f1\u00eda de Bomberos. Adem\u00e1s, los trabajos galardonados ser\u00e1n difundidos en diversos medios de comunicaci\u00f3n de la regi\u00f3n y ser\u00e1n incorporados en la muestra museogr\u00e1fica del proyecto de restauraci\u00f3n.<\/p>\n\n\n\n<p>Seg\u00fan las bases del concurso, los relatos deben ser originales e in\u00e9ditos y tener una extensi\u00f3n m\u00e1xima de 133 palabras, acept\u00e1ndose un m\u00e1ximo de tres obras por participante. Los trabajos ser\u00e1n recibidos hasta el viernes 21 de octubre a las 14:00 horas en el correo electr\u00f3nico diadelpatrimoniodarq@gmail.com o en la conserjer\u00eda del edificio de servicios p\u00fablicos, en calle Croacia 722, Punta Arenas.<\/p>\n\n\n\n<p><strong>Antecedentes del Cuartel y de su pr\u00f3xima restauraci\u00f3n<\/strong><\/p>\n\n\n\n<p>Los edificios que conforman el cuartel de la Primera Compa\u00f1\u00eda de Bomberos de Punta Arenas fueron construidos en 1901 y 1911 en calle Julio Roca, a escasos metros de la Plaza Mu\u00f1oz Gamero. Con 1.440 metros cuadrados en total, el lugar fue ocupado como club social hasta el a\u00f1o 1971, raz\u00f3n por la que su sala de reuni\u00f3n o de honor conserva valiosas piezas hist\u00f3ricas originales y \u00fanicas, como documentos, fotograf\u00edas, objetos, etc.<\/p>\n\n\n\n<p>Las obras de restauraci\u00f3n, que est\u00e1n pr\u00f3ximas a ser ejecutadas por la Direcci\u00f3n Regional de Arquitectura del MOP, consistir\u00e1n en la realizaci\u00f3n de una consolidaci\u00f3n estructural y conservaci\u00f3n del inmueble, actualizando las instalaciones a las necesidades actuales de un cuartel de bomberos. Tambi\u00e9n se realizar\u00e1 una impermeabilizaci\u00f3n del inmueble, as\u00ed como una restituci\u00f3n de la espacialidad original de aquellos recintos donde se realizaron intervenciones, de manera de realizar intervenciones que pongan en valor el inmueble original. Tambi\u00e9n se considera una construcci\u00f3n nueva de 114 m2 en el patio interior trasero del edificio, donde se ubican los actuales dormitorios. Esta construcci\u00f3n incorpora \u00e1reas de servicio, escaleras y ascensor, que permitir\u00e1 acceso universal a todos los niveles.<\/p>\n","protected":false},"excerpt":{"rendered":"<p>El cuartel de la Primera Compa\u00f1\u00eda de Bomberos de Punta Arenas ser\u00e1 nuevamente un hito de inter\u00e9s durante la celebraci\u00f3n del D\u00eda Regional de los Patrimonios, gracias a la realizaci\u00f3n&#8230; <a class=\"read-more\" href=\"https:\/\/www.radiopresidenteibanez.cl\/web\/mop-convoca-a-concurso-de-relatos-sobre-la-1a-compania-de-bomberos-para-celebrar-el-dia-regional-de-los-patrimonios\/\">Leer m\u00e1s<\/a><\/p>\n","protected":false},"author":2,"featured_media":33483,"comment_status":"closed","ping_status":"closed","sticky":false,"template":"","format":"standard","meta":{"footnotes":""},"categories":[1],"tags":[],"class_list":["post-33482","post","type-post","status-publish","format-standard","has-post-thumbnail","hentry","category-cronica"],"_links":{"self":[{"href":"https:\/\/www.radiopresidenteibanez.cl\/web\/wp-json\/wp\/v2\/posts\/33482","targetHints":{"allow":["GET"]}}],"collection":[{"href":"https:\/\/www.radiopresidenteibanez.cl\/web\/wp-json\/wp\/v2\/posts"}],"about":[{"href":"https:\/\/www.radiopresidenteibanez.cl\/web\/wp-json\/wp\/v2\/types\/post"}],"author":[{"embeddable":true,"href":"https:\/\/www.radiopresidenteibanez.cl\/web\/wp-json\/wp\/v2\/users\/2"}],"replies":[{"embeddable":true,"href":"https:\/\/www.radiopresidenteibanez.cl\/web\/wp-json\/wp\/v2\/comments?post=33482"}],"version-history":[{"count":0,"href":"https:\/\/www.radiopresidenteibanez.cl\/web\/wp-json\/wp\/v2\/posts\/33482\/revisions"}],"wp:featuredmedia":[{"embeddable":true,"href":"https:\/\/www.radiopresidenteibanez.cl\/web\/wp-json\/wp\/v2\/media\/33483"}],"wp:attachment":[{"href":"https:\/\/www.radiopresidenteibanez.cl\/web\/wp-json\/wp\/v2\/media?parent=33482"}],"wp:term":[{"taxonomy":"category","embeddable":true,"href":"https:\/\/www.radiopresidenteibanez.cl\/web\/wp-json\/wp\/v2\/categories?post=33482"},{"taxonomy":"post_tag","embeddable":true,"href":"https:\/\/www.radiopresidenteibanez.cl\/web\/wp-json\/wp\/v2\/tags?post=33482"}],"curies":[{"name":"wp","href":"https:\/\/api.w.org\/{rel}","templated":true}]}}