{"id":33479,"date":"2022-10-16T11:49:00","date_gmt":"2022-10-16T14:49:00","guid":{"rendered":"https:\/\/www.radiopresidenteibanez.cl\/web\/?p=33479"},"modified":"2022-10-15T16:02:24","modified_gmt":"2022-10-15T19:02:24","slug":"con-importante-convocatoria-se-desarrollo-la-feria-de-las-personas-mayores","status":"publish","type":"post","link":"https:\/\/www.radiopresidenteibanez.cl\/web\/con-importante-convocatoria-se-desarrollo-la-feria-de-las-personas-mayores\/","title":{"rendered":"Con importante convocatoria se desarroll\u00f3 la Feria de las Personas Mayores"},"content":{"rendered":"\n<p>En el marco del Mes de las Personas Mayores la Delegaci\u00f3n Presidencial de Magallanes a trav\u00e9s del Gobierno en Terreno, junto con el Mindep\/IND y Senama Magallanes organizaron actividad conjunta llamada Feria de las Personas Mayores la cual se desarroll\u00f3 en el Gimnasio Fiscal de Punta Arenas.<\/p>\n\n\n\n<p>La jornada tuvo una importante participaci\u00f3n de personas mayores quienes con entusiasmo disfrutaron de las diversas actividades recreativas y deportivas que el Mindep\/IND Magallanes pusieron a disposici\u00f3n, entre ellas,&nbsp; yoga, gimnasia, baile, t\u00e1tumbol, tango, etc. &nbsp;junto a una amplia oferta de servicios p\u00fablico que a trav\u00e9s del Gobierno en Terreno informaron, atendieron, y aclararon dudas con respecto a beneficios, servicios y tr\u00e1mites.<\/p>\n\n\n\n<p>En nuestro pa\u00eds cerca de 3 millones de habitantes son personas mayores destacando por su contribuci\u00f3n en diversos \u00e1mbitos de nuestra sociedad, mientras que en &nbsp;Magallanes existen 29.210 adultos mayores, es decir personas sobre 60 a\u00f1os.<\/p>\n\n\n\n<p>Al respecto, la Delegada Presidencial Regional, Luz Berm\u00fadez Sandoval se\u00f1al\u00f3: \u201cEsta es una importante instancia realizada en forma asociativa entre la Delegaci\u00f3n Presidencial, a trav\u00e9s de su Gobierno en Terreno, el Mindep e IND, y Desarrollo Social a trav\u00e9s de Senama, en la cual los adultos mayores pueden acceder a distintas actividades deportivas, recreativas, cuidado personal y de salud. Me parece un importante encuentro, una instancia s\u00faper importante post pandemia, donde los adultos mayores han respondido de manera gratificante, se han acercado en gran cantidad, han podido compartir. Y me parece importante reconocer tambi\u00e9n, a la gente que ha prestado sus servicios de manera voluntaria, gracias a quienes los adultos mayores pudieron recibir atenci\u00f3n integral por ejemplo, la Cruz Roja que estuvo con podolog\u00eda, con corte de pelo. Tambi\u00e9n pudieron acceder a recibir masajes, lavado de o\u00eddos. Agradecimientos a los funcionarios y funcionarias p\u00fablicos, entregando toda su oferta program\u00e1tica. La verdad es que es muy gratificante cuando el sector p\u00fablico, privado y voluntariado, realiza un trabajo en conjunto y la respuesta de la ciudadan\u00eda est\u00e1 acorde a las expectativas\u201d.<\/p>\n\n\n\n<p>En tanto, el Seremi del Deporte, Leonidas Hern\u00e1ndez agreg\u00f3 que: \u201c Esta iniciativa busca mejorar la capacidad f\u00edsica de las personas mayores, por lo que enmarcado en este mes quisimos entregar actividades a nuestros beneficiarios directos de los programas para el adulto mayor que desarrolla el Deporte de Participaci\u00f3n Social del IND&nbsp; Magallanes. Este gobierno promueve la cultura del movimiento, fomenta la actividad f\u00edsica y deporte, y eso es lo que estamos haciendo, abriendo nuestros espacios para aquello\u201d.<\/p>\n\n\n\n<p>En la regi\u00f3n de Magallanes el Mindep\/IND ejecuta 16 talleres gratuitos para el Adulto Mayor y son m\u00e1s de 350 personas mayores de 60 a\u00f1os que participan a nivel regional.<\/p>\n\n\n\n<p>La jornada cont\u00f3 con un importante n\u00famero de stand de atenci\u00f3n, los cuales usuarias y usuarios pudieron acceder a Registro Social de Hogares, Chile Atiende, Fonasa, Medicina Ancestral Mapuche, Cruz Roja con servicio de podolog\u00eda, masajes, peluquer\u00eda.<\/p>\n\n\n\n<p>El Seremi de Desarrollo Social y Familia, Danilo Mimica dijo que: \u201cEstamos muy contentos con la acogida que tuvo esta actividad, recibimos la visita de bastante p\u00fablico, no solamente personas mayores, sino que tambi\u00e9n de familias, lo que nos deja muy satisfechos, ya que esta feria se realiz\u00f3 de forma paralela con el \u201cGobierno en Terreno\u201d, por lo tanto, fue posible hacer consultas a los servicios p\u00fablicos y, al mismo tiempo, realizar actividades recreativas y deportivos.&nbsp;&nbsp; Todo lo cual es positivo para la salud mental de los adultos mayores, que estuvieron dos a\u00f1os encerrados por la pandemia.&nbsp; Como Ministerio de Desarrollo Social nos hicimos presente con un stand del Registro Social de Hogares, para orientar y responder las inquietudes de los vecinos y vecinas.&nbsp; Tambi\u00e9n estuvo presente nuestro servicio relacionado Conadi, para informar respecto a su oferta program\u00e1tica.\u201d<\/p>\n\n\n\n<p>Mientras que el Coordinador de Senama Magallanes, destac\u00f3 la instancia de participaci\u00f3n, \u201cEstamos muy satisfechos con esta actividad y creemos que es una experiencia positiva haber podido reunir en un mismo lugar, esta Feria para personas mayores y el Gobierno en Terreno, de tal manera que los adultos puedan acceder a los servicios p\u00fablicos y al mismo tiempo, puedan contar con un espacio para reencontrarse y sociabilizar, realizar actividades recreativas y deportivas.&nbsp; Estas instancias son muy valoradas por ellos, y siempre nos est\u00e1n pidiendo organizar m\u00e1s actividades de este tipo durante el a\u00f1o\u201d.<\/p>\n","protected":false},"excerpt":{"rendered":"<p>En el marco del Mes de las Personas Mayores la Delegaci\u00f3n Presidencial de Magallanes a trav\u00e9s del Gobierno en Terreno, junto con el Mindep\/IND y Senama Magallanes organizaron actividad conjunta&#8230; <a class=\"read-more\" href=\"https:\/\/www.radiopresidenteibanez.cl\/web\/con-importante-convocatoria-se-desarrollo-la-feria-de-las-personas-mayores\/\">Leer m\u00e1s<\/a><\/p>\n","protected":false},"author":2,"featured_media":33480,"comment_status":"closed","ping_status":"closed","sticky":false,"template":"","format":"standard","meta":{"footnotes":""},"categories":[1],"tags":[],"class_list":["post-33479","post","type-post","status-publish","format-standard","has-post-thumbnail","hentry","category-cronica"],"_links":{"self":[{"href":"https:\/\/www.radiopresidenteibanez.cl\/web\/wp-json\/wp\/v2\/posts\/33479","targetHints":{"allow":["GET"]}}],"collection":[{"href":"https:\/\/www.radiopresidenteibanez.cl\/web\/wp-json\/wp\/v2\/posts"}],"about":[{"href":"https:\/\/www.radiopresidenteibanez.cl\/web\/wp-json\/wp\/v2\/types\/post"}],"author":[{"embeddable":true,"href":"https:\/\/www.radiopresidenteibanez.cl\/web\/wp-json\/wp\/v2\/users\/2"}],"replies":[{"embeddable":true,"href":"https:\/\/www.radiopresidenteibanez.cl\/web\/wp-json\/wp\/v2\/comments?post=33479"}],"version-history":[{"count":0,"href":"https:\/\/www.radiopresidenteibanez.cl\/web\/wp-json\/wp\/v2\/posts\/33479\/revisions"}],"wp:featuredmedia":[{"embeddable":true,"href":"https:\/\/www.radiopresidenteibanez.cl\/web\/wp-json\/wp\/v2\/media\/33480"}],"wp:attachment":[{"href":"https:\/\/www.radiopresidenteibanez.cl\/web\/wp-json\/wp\/v2\/media?parent=33479"}],"wp:term":[{"taxonomy":"category","embeddable":true,"href":"https:\/\/www.radiopresidenteibanez.cl\/web\/wp-json\/wp\/v2\/categories?post=33479"},{"taxonomy":"post_tag","embeddable":true,"href":"https:\/\/www.radiopresidenteibanez.cl\/web\/wp-json\/wp\/v2\/tags?post=33479"}],"curies":[{"name":"wp","href":"https:\/\/api.w.org\/{rel}","templated":true}]}}