{"id":3346,"date":"2019-04-14T00:38:12","date_gmt":"2019-04-14T00:38:12","guid":{"rendered":"http:\/\/www.radiopresidenteibanez.cl\/web\/?p=3346"},"modified":"2019-04-14T00:38:52","modified_gmt":"2019-04-14T00:38:52","slug":"este-fin-de-semana-se-dio-el-vamos-al-campeonato-copa-aguas-magallanes-de-basquetbol","status":"publish","type":"post","link":"https:\/\/www.radiopresidenteibanez.cl\/web\/este-fin-de-semana-se-dio-el-vamos-al-campeonato-copa-aguas-magallanes-de-basquetbol\/","title":{"rendered":"ESTE FIN DE SEMANA SE DIO EL VAMOS AL CAMPEONATO COPA AGUAS MAGALLANES DE B\u00c1SQUETBOL"},"content":{"rendered":"\n<p>Tras la buena experiencia del a\u00f1o pasado, Aguas Magallanes se sum\u00f3 por quinto a\u00f1o consecutivo a la gran fiesta del b\u00e1squetbol local, entregando su tradicional apoyo, tanto al campeonato de varones, como de damas.<\/p>\n\n\n\n<p>Por ello, el gerente regional de Aguas Magallanes, Christian Adema Galetovic, junto al presidente de la Asociaci\u00f3n de B\u00e1squetbol de Punta Arenas, Carlos Santos, dieron el vamos al campeonato Aguas Magallanes 2019, que comenz\u00f3 este fin de semana (13 y 14 de abril).<\/p>\n\n\n\n<p>\u201cAgradecemos que nos hayan dado nuevamente la oportunidad de aportar al desarrollo de nuestra comunidad a trav\u00e9s de este evento. Ya son cinco a\u00f1os en los que junto a la Asociaci\u00f3n de B\u00e1squetbol hemos contribuido al fortalecimiento de un deporte tan importante y tradicional en nuestra regi\u00f3n\u201d, dijo el gerente regional de Aguas Magallanes, Christian Adema Galetovic.<\/p>\n\n\n\n<p>Por su parte, Carlos Santos, adem\u00e1s de valorar el apoyo de la sanitaria, invit\u00f3 a la comunidad magall\u00e1nica a acompa\u00f1ar esta fiesta del b\u00e1squetbol regional, que cada a\u00f1o revive una pasi\u00f3n que durante d\u00e9cadas ha congregado a cientos de familias, brindando un espect\u00e1culo de buen nivel competitivo\u201d.<\/p>\n\n\n\n<p>Calendario:<\/p>\n\n\n\n<p>S\u00e1bado 13 de abril:<\/p>\n\n\n\n<p>17:30 horas, categor\u00eda adulto damas, Umag \/ Inacap.<\/p>\n\n\n\n<p>19:00 horas, categor\u00eda adulto damas, Sokol \/ Espa\u00f1ol.<\/p>\n\n\n\n<p>Domingo 14 de abril:<\/p>\n\n\n\n<p>17:30 horas, categor\u00eda adulto varones, Sokol \/ Cordenap.<\/p>\n\n\n\n<p>19:00 horas, categor\u00eda adulto varones, Inacap \/ Espa\u00f1ol<\/p>\n\n\n\n<p>Cada una de las fechas se jugar\u00e1 en el Gimnasio de la Confederaci\u00f3n Deportiva de Magallanes, ubicado en O\u2019Higgins 0110.\u00a0<\/p>\n\n\n\n<figure class=\"wp-block-image\"><img loading=\"lazy\" decoding=\"async\" width=\"900\" height=\"598\" src=\"https:\/\/www.radiopresidenteibanez.cl\/web\/wp-content\/uploads\/2019\/04\/DSC_0401_Copa-AMA.jpg\" alt=\"\" class=\"wp-image-3347\" srcset=\"https:\/\/www.radiopresidenteibanez.cl\/web\/wp-content\/uploads\/2019\/04\/DSC_0401_Copa-AMA.jpg 900w, https:\/\/www.radiopresidenteibanez.cl\/web\/wp-content\/uploads\/2019\/04\/DSC_0401_Copa-AMA-300x199.jpg 300w, https:\/\/www.radiopresidenteibanez.cl\/web\/wp-content\/uploads\/2019\/04\/DSC_0401_Copa-AMA-768x510.jpg 768w\" sizes=\"auto, (max-width: 900px) 100vw, 900px\" \/><\/figure>\n","protected":false},"excerpt":{"rendered":"<p>Tras la buena experiencia del a\u00f1o pasado, Aguas Magallanes se sum\u00f3 por quinto a\u00f1o consecutivo a la gran fiesta del b\u00e1squetbol local, entregando su tradicional apoyo, tanto al campeonato de&#8230; <a class=\"read-more\" href=\"https:\/\/www.radiopresidenteibanez.cl\/web\/este-fin-de-semana-se-dio-el-vamos-al-campeonato-copa-aguas-magallanes-de-basquetbol\/\">Leer m\u00e1s<\/a><\/p>\n","protected":false},"author":2,"featured_media":3347,"comment_status":"closed","ping_status":"closed","sticky":false,"template":"","format":"standard","meta":{"footnotes":""},"categories":[3],"tags":[],"class_list":["post-3346","post","type-post","status-publish","format-standard","has-post-thumbnail","hentry","category-deportes"],"_links":{"self":[{"href":"https:\/\/www.radiopresidenteibanez.cl\/web\/wp-json\/wp\/v2\/posts\/3346","targetHints":{"allow":["GET"]}}],"collection":[{"href":"https:\/\/www.radiopresidenteibanez.cl\/web\/wp-json\/wp\/v2\/posts"}],"about":[{"href":"https:\/\/www.radiopresidenteibanez.cl\/web\/wp-json\/wp\/v2\/types\/post"}],"author":[{"embeddable":true,"href":"https:\/\/www.radiopresidenteibanez.cl\/web\/wp-json\/wp\/v2\/users\/2"}],"replies":[{"embeddable":true,"href":"https:\/\/www.radiopresidenteibanez.cl\/web\/wp-json\/wp\/v2\/comments?post=3346"}],"version-history":[{"count":0,"href":"https:\/\/www.radiopresidenteibanez.cl\/web\/wp-json\/wp\/v2\/posts\/3346\/revisions"}],"wp:featuredmedia":[{"embeddable":true,"href":"https:\/\/www.radiopresidenteibanez.cl\/web\/wp-json\/wp\/v2\/media\/3347"}],"wp:attachment":[{"href":"https:\/\/www.radiopresidenteibanez.cl\/web\/wp-json\/wp\/v2\/media?parent=3346"}],"wp:term":[{"taxonomy":"category","embeddable":true,"href":"https:\/\/www.radiopresidenteibanez.cl\/web\/wp-json\/wp\/v2\/categories?post=3346"},{"taxonomy":"post_tag","embeddable":true,"href":"https:\/\/www.radiopresidenteibanez.cl\/web\/wp-json\/wp\/v2\/tags?post=3346"}],"curies":[{"name":"wp","href":"https:\/\/api.w.org\/{rel}","templated":true}]}}