{"id":33412,"date":"2022-10-13T17:37:00","date_gmt":"2022-10-13T20:37:00","guid":{"rendered":"https:\/\/www.radiopresidenteibanez.cl\/web\/?p=33412"},"modified":"2022-10-13T15:30:16","modified_gmt":"2022-10-13T18:30:16","slug":"destacada-escritora-nacional-francisca-solar-comparte-experiencias-con-alumnos-y-alumnas-de-la-escuela-de-rio-verde","status":"publish","type":"post","link":"https:\/\/www.radiopresidenteibanez.cl\/web\/destacada-escritora-nacional-francisca-solar-comparte-experiencias-con-alumnos-y-alumnas-de-la-escuela-de-rio-verde\/","title":{"rendered":"Destacada escritora nacional Francisca Solar comparte experiencias con alumnos y alumnas de la Escuela de R\u00edo Verde"},"content":{"rendered":"\n<p>En la Escuela Bernardo de Bruyne de la comuna de R\u00edo Verde se desarroll\u00f3 una entretenida instancia denominada Di\u00e1logo en Movimiento, que cont\u00f3 con la participaci\u00f3n de la destacada escritora nacional, Francisca Solar, quien fue entrevista por los alumnos y alumnas del recinto educacional, sobre su historia personal y literaria, adem\u00e1s, de comentar su libro \u201cLa Asombrosa Historia del Espejo Roto\u201d.<\/p>\n\n\n\n<p>Comentar que Di\u00e1logos en Movimiento es un programa del Plan Nacional de Lectura del Ministerio de Cultura, que busca promover una experiencia de lectura participativa entre j\u00f3venes y escritores nacionales e internacionales y sus obras; y que en esta oportunidad visit\u00f3 el recinto educacional dependiente de la Municipalidad de R\u00edo Verde.<\/p>\n\n\n\n<p>\u201cEstoy muy feliz de llegar al fin del mundo, es un programa maravilloso que puede acercar a escritores a los lugares m\u00e1s aislados de Chile. Fue una muy bonita experiencia, pude compartir con varios ni\u00f1os de la Escuela de R\u00edo Verde, tambi\u00e9n con algunos adultos que fueron parte de la audiencia. Pudimos conversar sobre los procesos literarios, sobre algunos de mis libros, sobre mi propia experiencia de como llegue a ser escritora, fue muy divertido, muy entretenido. Feliz de que me hayan invitado y, adem\u00e1s, estoy disponible para regresar, porque creo que es muy importante que los escritores hagan patria en lugares lejanos de nuestro pa\u00eds, que no se centralicen las actividades, sino que podamos salir a lugares que no es tan com\u00fan que vayan escritores. Dentro de mi pega como escritora est\u00e1 el fomento lector y esto es algo que para mi es muy importante hacer\u201d afirm\u00f3 la destacada escritora nacional Francisca Solar.<\/p>\n\n\n\n<p>Por su parte, la alcaldesa de R\u00edo Verde, Sabina Ballesteros, destac\u00f3 que \u201cme parece excelente que se realicen este tipo de actividades con las escuelas y sobre todo que vengan a zonas aisladas como lo es R\u00edo Verde, porque aportan a la descentralizaci\u00f3n. Le agradecemos a nuestros alumnos y alumnas por su excelente participaci\u00f3n, pero tambi\u00e9n al Ministerio de Cultura por generar estas instancias y a Francisca por venir hasta R\u00edo Verde a contarnos sus experiencias. Fue muy grato ver a los ni\u00f1os y ni\u00f1as de nuestra Escuela entusiasmados y contentos, entrevistando a esta reconocida escritora nacional\u201d.<\/p>\n\n\n\n<p>Esta iniciativa consisti\u00f3 en el env\u00edo previo de su libro \u201cLa Asombrosa Historia del Espejo Roto\u201d, el cual los alumnos y alumnas de la Escuela de R\u00edo Verde leyeron y compartieron en conjunto con su docente encargada. Esto, para luego recibir la visita de la escritora y compartir las ideas, donde adem\u00e1s, pudieron conocer m\u00e1s all\u00e1 de esta importante autora.<\/p>\n","protected":false},"excerpt":{"rendered":"<p>En la Escuela Bernardo de Bruyne de la comuna de R\u00edo Verde se desarroll\u00f3 una entretenida instancia denominada Di\u00e1logo en Movimiento, que cont\u00f3 con la participaci\u00f3n de la destacada escritora&#8230; <a class=\"read-more\" href=\"https:\/\/www.radiopresidenteibanez.cl\/web\/destacada-escritora-nacional-francisca-solar-comparte-experiencias-con-alumnos-y-alumnas-de-la-escuela-de-rio-verde\/\">Leer m\u00e1s<\/a><\/p>\n","protected":false},"author":2,"featured_media":33413,"comment_status":"closed","ping_status":"closed","sticky":false,"template":"","format":"standard","meta":{"footnotes":""},"categories":[1],"tags":[],"class_list":["post-33412","post","type-post","status-publish","format-standard","has-post-thumbnail","hentry","category-cronica"],"_links":{"self":[{"href":"https:\/\/www.radiopresidenteibanez.cl\/web\/wp-json\/wp\/v2\/posts\/33412","targetHints":{"allow":["GET"]}}],"collection":[{"href":"https:\/\/www.radiopresidenteibanez.cl\/web\/wp-json\/wp\/v2\/posts"}],"about":[{"href":"https:\/\/www.radiopresidenteibanez.cl\/web\/wp-json\/wp\/v2\/types\/post"}],"author":[{"embeddable":true,"href":"https:\/\/www.radiopresidenteibanez.cl\/web\/wp-json\/wp\/v2\/users\/2"}],"replies":[{"embeddable":true,"href":"https:\/\/www.radiopresidenteibanez.cl\/web\/wp-json\/wp\/v2\/comments?post=33412"}],"version-history":[{"count":0,"href":"https:\/\/www.radiopresidenteibanez.cl\/web\/wp-json\/wp\/v2\/posts\/33412\/revisions"}],"wp:featuredmedia":[{"embeddable":true,"href":"https:\/\/www.radiopresidenteibanez.cl\/web\/wp-json\/wp\/v2\/media\/33413"}],"wp:attachment":[{"href":"https:\/\/www.radiopresidenteibanez.cl\/web\/wp-json\/wp\/v2\/media?parent=33412"}],"wp:term":[{"taxonomy":"category","embeddable":true,"href":"https:\/\/www.radiopresidenteibanez.cl\/web\/wp-json\/wp\/v2\/categories?post=33412"},{"taxonomy":"post_tag","embeddable":true,"href":"https:\/\/www.radiopresidenteibanez.cl\/web\/wp-json\/wp\/v2\/tags?post=33412"}],"curies":[{"name":"wp","href":"https:\/\/api.w.org\/{rel}","templated":true}]}}