{"id":33409,"date":"2022-10-13T16:19:00","date_gmt":"2022-10-13T19:19:00","guid":{"rendered":"https:\/\/www.radiopresidenteibanez.cl\/web\/?p=33409"},"modified":"2022-10-13T15:27:31","modified_gmt":"2022-10-13T18:27:31","slug":"inach-capacitara-a-educadoras-de-parvulos-tecnicos-y-docentes-de-ensenanza-basica-en-tematicas-antarticas","status":"publish","type":"post","link":"https:\/\/www.radiopresidenteibanez.cl\/web\/inach-capacitara-a-educadoras-de-parvulos-tecnicos-y-docentes-de-ensenanza-basica-en-tematicas-antarticas\/","title":{"rendered":"INACH capacitar\u00e1 a educadoras de p\u00e1rvulos, t\u00e9cnicos y docentes de ense\u00f1anza b\u00e1sica en tem\u00e1ticas ant\u00e1rticas"},"content":{"rendered":"\n<p>El Instituto Ant\u00e1rtico Chileno (INACH) invita a educadoras y t\u00e9cnicos en educaci\u00f3n parvularia y diferencial, docentes de ense\u00f1anza b\u00e1sica y estudiantes de pregrado de carreras afines a participar en el taller de capacitaci\u00f3n \u201cDescubramos la Ant\u00e1rtica: Una introducci\u00f3n al Continente Blanco\u201d.&nbsp;<\/p>\n\n\n\n<p>Este taller se har\u00e1 de manera virtual para las regiones de Arica a Ays\u00e9n el jueves 27 de octubre y se repetir\u00e1 de manera presencial en Punta Arenas, para la Regi\u00f3n de Magallanes y de la Ant\u00e1rtica Chilena, el viernes 28 de octubre.&nbsp;<\/p>\n\n\n\n<p>El objetivo principal de estas jornadas es dar a conocer la importancia de este territorio para nuestro pa\u00eds y actualizar los conocimientos cient\u00edficos ant\u00e1rticos de las y los profesionales y t\u00e9cnicos de la educaci\u00f3n, y apoyar su aplicaci\u00f3n en el aula. En estas dos sesiones se abordar\u00e1n aspectos generales de la Ant\u00e1rtica y sus caracter\u00edsticas m\u00e1s distintivas.<\/p>\n\n\n\n<p>La asistente de Educaci\u00f3n Ant\u00e1rtica del INACH y coordinadora de la actividad, Constanza Jim\u00e9nez, inst\u00f3 a los y las docentes a participar y al respecto expres\u00f3: \u201cLos y las invitamos a descubrir la Ant\u00e1rtica junto a experimentados y experimentadas investigadoras de ciencia polar a trav\u00e9s de actividades muy amenas; adem\u00e1s, se presentar\u00e1n nuevos recursos educativos dise\u00f1ados para despertar el inter\u00e9s de ni\u00f1os y ni\u00f1as por el Continente Blanco\u201d, ya que quienes participen obtendr\u00e1n un set de l\u00e1minas educativas.&nbsp;<\/p>\n\n\n\n<p>Las inscripciones se pueden hacer a trav\u00e9s de este v\u00ednculo: <a href=\"https:\/\/forms.gle\/uj2LR3jvbsE4HDtL9\" target=\"_blank\" rel=\"noreferrer noopener\">https:\/\/forms.gle\/uj2LR3jvbsE4HDtL9<\/a> y el correo electr\u00f3nico que est\u00e1 dispuesto para consultas es: <a href=\"mailto:educacion@inach.cl\" target=\"_blank\" rel=\"noreferrer noopener\">educacion@inach.cl<\/a>.&nbsp;<\/p>\n\n\n\n<p>Con estos talleres se espera que los y las profesionales de la educaci\u00f3n puedan desarrollar actividades con miras al D\u00eda de la Ant\u00e1rtica Chilena que se celebra el 6 de noviembre para recordar los 82 a\u00f1os desde que el Presidente Pedro Aguirre Cerda fij\u00f3 los l\u00edmites del Territorio Chileno Ant\u00e1rtico.<\/p>\n\n\n\n<p>Estas capacitaciones ya llevan 13 a\u00f1os de implementaci\u00f3n: primero se realiz\u00f3 de manera presencial para Punta Arenas y posteriormente, desde la pandemia, se abri\u00f3 a un formato virtual e integr\u00f3 a profesionales, t\u00e9cnicos y estudiantes de pregrado de todo Chile. En esta ocasi\u00f3n, se retoma la presencialidad, pero se agrega una sesi\u00f3n virtual para seguir aportando a la formaci\u00f3n de docentes ant\u00e1rticos en todo el pa\u00eds.&nbsp;<\/p>\n\n\n\n<p>El INACH es un organismo t\u00e9cnico del Ministerio de Relaciones Exteriores con plena autonom\u00eda en todo lo relacionado con asuntos ant\u00e1rticos de car\u00e1cter cient\u00edfico, tecnol\u00f3gico y de difusi\u00f3n. El INACH cumple con la Pol\u00edtica Ant\u00e1rtica Nacional incentivando el desarrollo de la investigaci\u00f3n de excelencia, participando efectivamente en el Sistema del Tratado Ant\u00e1rtico y foros relacionados, fortaleciendo a Magallanes como puerta de entrada al Continente Blanco y realizando acciones de divulgaci\u00f3n del conocimiento ant\u00e1rtico en la ciudadan\u00eda.<\/p>\n","protected":false},"excerpt":{"rendered":"<p>El Instituto Ant\u00e1rtico Chileno (INACH) invita a educadoras y t\u00e9cnicos en educaci\u00f3n parvularia y diferencial, docentes de ense\u00f1anza b\u00e1sica y estudiantes de pregrado de carreras afines a participar en el&#8230; <a class=\"read-more\" href=\"https:\/\/www.radiopresidenteibanez.cl\/web\/inach-capacitara-a-educadoras-de-parvulos-tecnicos-y-docentes-de-ensenanza-basica-en-tematicas-antarticas\/\">Leer m\u00e1s<\/a><\/p>\n","protected":false},"author":2,"featured_media":33410,"comment_status":"closed","ping_status":"closed","sticky":false,"template":"","format":"standard","meta":{"footnotes":""},"categories":[1],"tags":[],"class_list":["post-33409","post","type-post","status-publish","format-standard","has-post-thumbnail","hentry","category-cronica"],"_links":{"self":[{"href":"https:\/\/www.radiopresidenteibanez.cl\/web\/wp-json\/wp\/v2\/posts\/33409","targetHints":{"allow":["GET"]}}],"collection":[{"href":"https:\/\/www.radiopresidenteibanez.cl\/web\/wp-json\/wp\/v2\/posts"}],"about":[{"href":"https:\/\/www.radiopresidenteibanez.cl\/web\/wp-json\/wp\/v2\/types\/post"}],"author":[{"embeddable":true,"href":"https:\/\/www.radiopresidenteibanez.cl\/web\/wp-json\/wp\/v2\/users\/2"}],"replies":[{"embeddable":true,"href":"https:\/\/www.radiopresidenteibanez.cl\/web\/wp-json\/wp\/v2\/comments?post=33409"}],"version-history":[{"count":0,"href":"https:\/\/www.radiopresidenteibanez.cl\/web\/wp-json\/wp\/v2\/posts\/33409\/revisions"}],"wp:featuredmedia":[{"embeddable":true,"href":"https:\/\/www.radiopresidenteibanez.cl\/web\/wp-json\/wp\/v2\/media\/33410"}],"wp:attachment":[{"href":"https:\/\/www.radiopresidenteibanez.cl\/web\/wp-json\/wp\/v2\/media?parent=33409"}],"wp:term":[{"taxonomy":"category","embeddable":true,"href":"https:\/\/www.radiopresidenteibanez.cl\/web\/wp-json\/wp\/v2\/categories?post=33409"},{"taxonomy":"post_tag","embeddable":true,"href":"https:\/\/www.radiopresidenteibanez.cl\/web\/wp-json\/wp\/v2\/tags?post=33409"}],"curies":[{"name":"wp","href":"https:\/\/api.w.org\/{rel}","templated":true}]}}