{"id":3340,"date":"2019-04-14T00:24:27","date_gmt":"2019-04-14T00:24:27","guid":{"rendered":"http:\/\/www.radiopresidenteibanez.cl\/web\/?p=3340"},"modified":"2019-04-14T00:25:17","modified_gmt":"2019-04-14T00:25:17","slug":"este-domingo-a-partir-de-las-1430-horas-se-enfrentan-las-selecciones-de-porvenir-y-puerto-natales","status":"publish","type":"post","link":"https:\/\/www.radiopresidenteibanez.cl\/web\/este-domingo-a-partir-de-las-1430-horas-se-enfrentan-las-selecciones-de-porvenir-y-puerto-natales\/","title":{"rendered":"ESTE DOMINGO A PARTIR DE LAS 14:30 HORAS SE ENFRENTAN LAS SELECCIONES DE PORVENIR Y PUERTO NATALES"},"content":{"rendered":"\n<p>Radio Presidente Ib\u00e1\u00f1ez, este domingo a partir de las 14:30 horas, transmitir\u00e1 el partido que enfrentar\u00e1 a la selecciones de Porvenir vs Puerto Natales, en el estadio Alejandro Barrientos Barr\u00eda, por las eliminatorias de f\u00fatbol regional camino al nacional Magallanes 2020 conmemorativo a los \u201c500 a\u00f1os del Descubrimiento del Estrecho de Magallanes\u201d.<\/p>\n\n\n\n<figure class=\"wp-block-image\"><img loading=\"lazy\" decoding=\"async\" width=\"900\" height=\"675\" src=\"http:\/\/www.radiopresidenteibanez.cl\/web\/wp-content\/uploads\/2019\/04\/IMG_20190326_181031.jpg\" alt=\"\" class=\"wp-image-3341\" srcset=\"https:\/\/www.radiopresidenteibanez.cl\/web\/wp-content\/uploads\/2019\/04\/IMG_20190326_181031.jpg 900w, https:\/\/www.radiopresidenteibanez.cl\/web\/wp-content\/uploads\/2019\/04\/IMG_20190326_181031-300x225.jpg 300w, https:\/\/www.radiopresidenteibanez.cl\/web\/wp-content\/uploads\/2019\/04\/IMG_20190326_181031-768x576.jpg 768w\" sizes=\"auto, (max-width: 900px) 100vw, 900px\" \/><figcaption>sdr<\/figcaption><\/figure>\n","protected":false},"excerpt":{"rendered":"<p>Radio Presidente Ib\u00e1\u00f1ez, este domingo a partir de las 14:30 horas, transmitir\u00e1 el partido que enfrentar\u00e1 a la selecciones de Porvenir vs Puerto Natales, en el estadio Alejandro Barrientos Barr\u00eda,&#8230; <a class=\"read-more\" href=\"https:\/\/www.radiopresidenteibanez.cl\/web\/este-domingo-a-partir-de-las-1430-horas-se-enfrentan-las-selecciones-de-porvenir-y-puerto-natales\/\">Leer m\u00e1s<\/a><\/p>\n","protected":false},"author":2,"featured_media":3341,"comment_status":"closed","ping_status":"closed","sticky":false,"template":"","format":"standard","meta":{"footnotes":""},"categories":[3],"tags":[],"class_list":["post-3340","post","type-post","status-publish","format-standard","has-post-thumbnail","hentry","category-deportes"],"_links":{"self":[{"href":"https:\/\/www.radiopresidenteibanez.cl\/web\/wp-json\/wp\/v2\/posts\/3340","targetHints":{"allow":["GET"]}}],"collection":[{"href":"https:\/\/www.radiopresidenteibanez.cl\/web\/wp-json\/wp\/v2\/posts"}],"about":[{"href":"https:\/\/www.radiopresidenteibanez.cl\/web\/wp-json\/wp\/v2\/types\/post"}],"author":[{"embeddable":true,"href":"https:\/\/www.radiopresidenteibanez.cl\/web\/wp-json\/wp\/v2\/users\/2"}],"replies":[{"embeddable":true,"href":"https:\/\/www.radiopresidenteibanez.cl\/web\/wp-json\/wp\/v2\/comments?post=3340"}],"version-history":[{"count":0,"href":"https:\/\/www.radiopresidenteibanez.cl\/web\/wp-json\/wp\/v2\/posts\/3340\/revisions"}],"wp:featuredmedia":[{"embeddable":true,"href":"https:\/\/www.radiopresidenteibanez.cl\/web\/wp-json\/wp\/v2\/media\/3341"}],"wp:attachment":[{"href":"https:\/\/www.radiopresidenteibanez.cl\/web\/wp-json\/wp\/v2\/media?parent=3340"}],"wp:term":[{"taxonomy":"category","embeddable":true,"href":"https:\/\/www.radiopresidenteibanez.cl\/web\/wp-json\/wp\/v2\/categories?post=3340"},{"taxonomy":"post_tag","embeddable":true,"href":"https:\/\/www.radiopresidenteibanez.cl\/web\/wp-json\/wp\/v2\/tags?post=3340"}],"curies":[{"name":"wp","href":"https:\/\/api.w.org\/{rel}","templated":true}]}}