{"id":33310,"date":"2022-10-10T13:12:00","date_gmt":"2022-10-10T16:12:00","guid":{"rendered":"https:\/\/www.radiopresidenteibanez.cl\/web\/?p=33310"},"modified":"2022-10-10T03:59:28","modified_gmt":"2022-10-10T06:59:28","slug":"fiscalia-realiza-charlas-a-comunidades-educativas","status":"publish","type":"post","link":"https:\/\/www.radiopresidenteibanez.cl\/web\/fiscalia-realiza-charlas-a-comunidades-educativas\/","title":{"rendered":"FISCALIA REALIZA CHARLAS A COMUNIDADES EDUCATIVAS"},"content":{"rendered":"\n<p>Desde el inicio de su periodo como Fiscal Regional, el Fiscal Eugenio Campos ha dispuesto como un prop\u00f3sito principal la cercan\u00eda de la instituci\u00f3n que dirige con la comunidad, esto con el prop\u00f3sito de lograr una mayor coordinaci\u00f3n interinstitucional, como tambi\u00e9n para que las personas y las instituciones conozcan a fondo el sistema de justicia criminal, los diversos tipos de leyes, el rol de la Fiscal\u00eda y su quehacer institucional, dando \u00e9nfasis a la forma c\u00f3mo se efect\u00faan las denuncias, qui\u00e9nes son los responsables de hacerlas y a la Orientaci\u00f3n Protecci\u00f3n y apoyo que se les brinda a v\u00edctimas y testigos de un hecho punible.<\/p>\n\n\n\n<p>Es as\u00ed comoen su pol\u00edtica de puertas abiertas, la Fiscal\u00eda se encuentra, actualmente, efectuado un nutrido programa regional de actividades de capacitaci\u00f3n tanto a alumnos, padres, apoderados, como a profesionales del \u00e1rea de educaci\u00f3n y salud, vecinos, gremios, funcionarios p\u00fablicos, entre otros importantes agrupaciones de la comunidad en Punta Arenas, Puerto Natales, Porvenir, Puerto Williams y pr\u00f3ximamente en Puerto Ed\u00e9n, lo que se convertir\u00e1 en un hito institucional.<\/p>\n\n\n\n<p>Dentro de los establecimiento educacionales visitados, el Liceo Mar\u00eda Auxiliadora, recibi\u00f3 ayer, al Fiscal Regional, Eugenio Campos, quien en la ocasi\u00f3n, mediante una din\u00e1mica charla, entabl\u00f3 un di\u00e1logo profundo con m\u00e1s de un centenar de educadores, padres y apoderados, con quienes abord\u00f3 la ley de responsabilidad Penal Adolecente, la ley de drogas, la prevenci\u00f3n de delitos, la violencia intrafamiliar y la obligaci\u00f3n de denunciar.<\/p>\n\n\n\n<p>Cabe indicar que durante las temporadas de charlas, funcionarios y fiscales de las fiscal\u00edas locales y regional, adem\u00e1s de cumplir con sus funciones habituales, acuden a estas actividades para responder a consultas de la comunidad y abordar diversos temas que van desde el rol de la Fiscal\u00eda, hasta las obligaciones judiciales de ejercer como funcionario de p\u00fablico, entre otros.<\/p>\n","protected":false},"excerpt":{"rendered":"<p>Desde el inicio de su periodo como Fiscal Regional, el Fiscal Eugenio Campos ha dispuesto como un prop\u00f3sito principal la cercan\u00eda de la instituci\u00f3n que dirige con la comunidad, esto&#8230; <a class=\"read-more\" href=\"https:\/\/www.radiopresidenteibanez.cl\/web\/fiscalia-realiza-charlas-a-comunidades-educativas\/\">Leer m\u00e1s<\/a><\/p>\n","protected":false},"author":2,"featured_media":33311,"comment_status":"closed","ping_status":"closed","sticky":false,"template":"","format":"standard","meta":{"footnotes":""},"categories":[1],"tags":[],"class_list":["post-33310","post","type-post","status-publish","format-standard","has-post-thumbnail","hentry","category-cronica"],"_links":{"self":[{"href":"https:\/\/www.radiopresidenteibanez.cl\/web\/wp-json\/wp\/v2\/posts\/33310","targetHints":{"allow":["GET"]}}],"collection":[{"href":"https:\/\/www.radiopresidenteibanez.cl\/web\/wp-json\/wp\/v2\/posts"}],"about":[{"href":"https:\/\/www.radiopresidenteibanez.cl\/web\/wp-json\/wp\/v2\/types\/post"}],"author":[{"embeddable":true,"href":"https:\/\/www.radiopresidenteibanez.cl\/web\/wp-json\/wp\/v2\/users\/2"}],"replies":[{"embeddable":true,"href":"https:\/\/www.radiopresidenteibanez.cl\/web\/wp-json\/wp\/v2\/comments?post=33310"}],"version-history":[{"count":0,"href":"https:\/\/www.radiopresidenteibanez.cl\/web\/wp-json\/wp\/v2\/posts\/33310\/revisions"}],"wp:featuredmedia":[{"embeddable":true,"href":"https:\/\/www.radiopresidenteibanez.cl\/web\/wp-json\/wp\/v2\/media\/33311"}],"wp:attachment":[{"href":"https:\/\/www.radiopresidenteibanez.cl\/web\/wp-json\/wp\/v2\/media?parent=33310"}],"wp:term":[{"taxonomy":"category","embeddable":true,"href":"https:\/\/www.radiopresidenteibanez.cl\/web\/wp-json\/wp\/v2\/categories?post=33310"},{"taxonomy":"post_tag","embeddable":true,"href":"https:\/\/www.radiopresidenteibanez.cl\/web\/wp-json\/wp\/v2\/tags?post=33310"}],"curies":[{"name":"wp","href":"https:\/\/api.w.org\/{rel}","templated":true}]}}