{"id":33276,"date":"2022-10-07T17:33:00","date_gmt":"2022-10-07T20:33:00","guid":{"rendered":"https:\/\/www.radiopresidenteibanez.cl\/web\/?p=33276"},"modified":"2022-10-07T11:36:01","modified_gmt":"2022-10-07T14:36:01","slug":"cerca-de-50-estudiantes-de-primer-ano-de-medicina-visitaron-instalaciones-del-hospital-clinico-magallanes","status":"publish","type":"post","link":"https:\/\/www.radiopresidenteibanez.cl\/web\/cerca-de-50-estudiantes-de-primer-ano-de-medicina-visitaron-instalaciones-del-hospital-clinico-magallanes\/","title":{"rendered":"Cerca de 50 estudiantes de primer a\u00f1o de Medicina visitaron instalaciones del Hospital Cl\u00ednico Magallanes"},"content":{"rendered":"\n<p>Los estudiantes de primer a\u00f1o de la carrera de Medicina de la Universidad de Magallanes (UMAG), en el marco de la asignatura de Salud P\u00fablica II, han podido conocer durante las \u00faltimas semanas los principales establecimientos de salud a nivel regional. El \u00faltimo espacio en ser visitado ha sido el Hospital Cl\u00ednico Magallanes (HCM), que ser\u00e1 a futuro -desde tercer a\u00f1o- su campo cl\u00ednico. Ac\u00e1 pudieron comprender su ubicaci\u00f3n, funcionamiento, especialidades y el rol de sus trabajadores; entendiendo as\u00ed c\u00f3mo est\u00e1 constituido este recinto regional que ser\u00e1 su referente.<\/p>\n\n\n\n<p>Un total de seis m\u00e9dicos del HCM acompa\u00f1aron a los estudiantes, como son el doctor Ram\u00f3n Asencio, ginec\u00f3logo; el doctor Carlos Alcayaga, otorrinolaring\u00f3logo; el doctor Jos\u00e9 Tob\u00f3n, m\u00e9dico general; la doctora Amanda Osorio, ginec\u00f3loga; el doctor Jonathan Robles, m\u00e9dico general; el doctor Claudio Quintana, cirujano; y la doctora Daniela Pe\u00f1a, m\u00e9dico general, seg\u00fan detall\u00f3 Beatriz Sol\u00eds de Ovando, cirujano dentista, nutricionista y jefa de carrera de la Escuela de Medicina de la UMAG.<\/p>\n\n\n\n<p>\u201cLa iniciativa es bastante buena, principalmente porque estamos hablando de un grupo de estudiantes que va a pasar la mayor parte de su formaci\u00f3n, desde tercer a\u00f1o, en el hospital. Este es el principal centro formador de la regi\u00f3n, por lo tanto, es muy bueno que tengan un acercamiento y que conozcan un poco m\u00e1s de la infraestructura en la que se van a ver enfrentados m\u00e1s adelante; lo hace un poco m\u00e1s seguro para cuando ellos sean alumnos en pr\u00e1ctica. Para ellos es novedoso porque est\u00e1n acostumbrados a hacer todas sus clases en el aula\u201d, indic\u00f3 Daniela Pe\u00f1a, exestudiante de la UMAG.<\/p>\n\n\n\n<p>Esta importante instancia fue coordinada por la especialista Beatriz Sol\u00eds de Ovando y la docente Marta Nabarro, quienes coordinaron esta visita en la cual dividieron el curso en dos grupos. Es as\u00ed como los 48 estudiantes de primer a\u00f1o tambi\u00e9n fueron acompa\u00f1ados -en todo momento- por los cl\u00ednicos del hospital que fueron mencionados, iniciando un recorrido en conjunto por los diversos espacios del establecimiento de salud y tambi\u00e9n impartiendo charlas en el auditorio, desde las 14.00 hasta las 16.00 horas.<\/p>\n\n\n\n<p>\u201cEs genial que los doctores y especialistas del hospital nos den estas instancias para recorrer y aprender sobre la organizaci\u00f3n que tienen. Tambi\u00e9n nos ense\u00f1aron sobre c\u00f3mo se organiza el hospital en s\u00ed, los nombres de los edificios, lo necesario para que un especialista llegue a cada uno de estos espacios y para su perfecto funcionamiento. Me queda esta experiencia para los futuros a\u00f1os; ya no es simplemente saber lo te\u00f3rico de la universidad sino que tambi\u00e9n lo pr\u00e1ctico, aqu\u00ed en el hospital\u201d, expres\u00f3 el estudiante Andr\u00e9s Vega.<\/p>\n\n\n\n<p>Por otro lado, la alumna Javiera Gallegos, afirm\u00f3 que \u201cme pareci\u00f3 una experiencia muy enriquecedora y muy necesaria a la vez, ya que a esta altura del a\u00f1o igual estamos muy cansados con diversos temas y mucho estudio, por lo que esto nos da una gran motivaci\u00f3n para seguir y ver qu\u00e9 es lo que se nos viene m\u00e1s adelante. En tercer a\u00f1o ya vamos a estar m\u00e1s seguido en el hospital, entonces esto ha sido m\u00e1s que todo un factor motivacional. Lo m\u00e1s rescatable de esta visita ha sido ver la complejidad de cada \u00e1rea en s\u00ed\u201d.<\/p>\n","protected":false},"excerpt":{"rendered":"<p>Los estudiantes de primer a\u00f1o de la carrera de Medicina de la Universidad de Magallanes (UMAG), en el marco de la asignatura de Salud P\u00fablica II, han podido conocer durante&#8230; <a class=\"read-more\" href=\"https:\/\/www.radiopresidenteibanez.cl\/web\/cerca-de-50-estudiantes-de-primer-ano-de-medicina-visitaron-instalaciones-del-hospital-clinico-magallanes\/\">Leer m\u00e1s<\/a><\/p>\n","protected":false},"author":2,"featured_media":33277,"comment_status":"closed","ping_status":"closed","sticky":false,"template":"","format":"standard","meta":{"footnotes":""},"categories":[1],"tags":[],"class_list":["post-33276","post","type-post","status-publish","format-standard","has-post-thumbnail","hentry","category-cronica"],"_links":{"self":[{"href":"https:\/\/www.radiopresidenteibanez.cl\/web\/wp-json\/wp\/v2\/posts\/33276","targetHints":{"allow":["GET"]}}],"collection":[{"href":"https:\/\/www.radiopresidenteibanez.cl\/web\/wp-json\/wp\/v2\/posts"}],"about":[{"href":"https:\/\/www.radiopresidenteibanez.cl\/web\/wp-json\/wp\/v2\/types\/post"}],"author":[{"embeddable":true,"href":"https:\/\/www.radiopresidenteibanez.cl\/web\/wp-json\/wp\/v2\/users\/2"}],"replies":[{"embeddable":true,"href":"https:\/\/www.radiopresidenteibanez.cl\/web\/wp-json\/wp\/v2\/comments?post=33276"}],"version-history":[{"count":0,"href":"https:\/\/www.radiopresidenteibanez.cl\/web\/wp-json\/wp\/v2\/posts\/33276\/revisions"}],"wp:featuredmedia":[{"embeddable":true,"href":"https:\/\/www.radiopresidenteibanez.cl\/web\/wp-json\/wp\/v2\/media\/33277"}],"wp:attachment":[{"href":"https:\/\/www.radiopresidenteibanez.cl\/web\/wp-json\/wp\/v2\/media?parent=33276"}],"wp:term":[{"taxonomy":"category","embeddable":true,"href":"https:\/\/www.radiopresidenteibanez.cl\/web\/wp-json\/wp\/v2\/categories?post=33276"},{"taxonomy":"post_tag","embeddable":true,"href":"https:\/\/www.radiopresidenteibanez.cl\/web\/wp-json\/wp\/v2\/tags?post=33276"}],"curies":[{"name":"wp","href":"https:\/\/api.w.org\/{rel}","templated":true}]}}