{"id":33255,"date":"2022-10-07T08:21:56","date_gmt":"2022-10-07T11:21:56","guid":{"rendered":"https:\/\/www.radiopresidenteibanez.cl\/web\/?p=33255"},"modified":"2022-10-07T08:22:05","modified_gmt":"2022-10-07T11:22:05","slug":"delegada-presidencial-provincial-de-ultima-esperanza-dirige-comite-provincial-de-seguridad-publica","status":"publish","type":"post","link":"https:\/\/www.radiopresidenteibanez.cl\/web\/delegada-presidencial-provincial-de-ultima-esperanza-dirige-comite-provincial-de-seguridad-publica\/","title":{"rendered":"DELEGADA PRESIDENCIAL PROVINCIAL DE \u00daLTIMA ESPERANZA DIRIGE COMIT\u00c9 PROVINCIAL DE SEGURIDAD P\u00daBLICA"},"content":{"rendered":"\n<p>Para coordinar los ejes program\u00e1ticos en materia de Seguridad P\u00fablica, este mi\u00e9rcoles \u00faltimo, se desarroll\u00f3 una sesi\u00f3n del Comit\u00e9 Provincial dirigido por la delegada presidencial provincial de \u00daltima Esperanza, Romina \u00c1lvarez Alarc\u00f3n.<\/p>\n\n\n\n<p>En la cita, particip\u00f3 la coordinadora regional de Seguridad P\u00fablica, Mar\u00eda de los \u00c1ngeles Flores, el mayor de la 2\u00aa Comisar\u00eda de Carabineros, Julio Salgado; el subprefecto de la PDI, Claudio C\u00e1rcamo; el fiscal adjunto jefe de la Fiscal\u00eda Local de Puerto Natales, Cristi\u00e1n Mu\u00f1oz; la administradora municipal de la I. Municipalidad de Torres del Paine, Patricia \u00c1vila; y la encargada (s) de seguridad p\u00fablica de la I. Municipalidad de Puerto Natales, Carolina Jaramillo.<\/p>\n\n\n\n<p>Los temas de la reuni\u00f3n se centraron en los objetivos del Plan que lleva adelante el Gobierno del Presidente Gabriel Boric, cuyo prop\u00f3sito se basa en fortalecer el sistema institucional y la gobernanza en materia de seguridad p\u00fablica, la prevenci\u00f3n del delito, proteger y acompa\u00f1ar a las v\u00edctimas de delitos, persecuci\u00f3n del crimen organizado, control de armas, el apoyo a la labor preventiva de los municipios y la recuperaci\u00f3n de espacios p\u00fablicos.<\/p>\n\n\n\n<p>En la instancia de coordinaci\u00f3n interinstitucional a nivel local, tambi\u00e9n se abordaron tem\u00e1ticas preocupantes para la ciudadan\u00eda y para los municipios de la provincia, como hechos de violencia, agresiones, delitos e incivilidades.<\/p>\n\n\n\n<p>La delegada Romina \u00c1lvarez indic\u00f3 que, \u201ctenemos un diagn\u00f3stico de la situaci\u00f3n de seguridad p\u00fablica de cada comuna y este comit\u00e9 lo que hace es establecer objetivos, metas y acciones, conforme a los compromisos que cada integrante realice de acuerdo al \u00e1mbito de sus respectivas competencias\u201d, afirm\u00f3 la autoridad.<\/p>\n\n\n\n<p>Agreg\u00f3 que es de trascendental importancia contemplar la priorizaci\u00f3n de ciertos delitos o problem\u00e1ticas en materia de seguridad que afecten a las comunas sobre la base de factores tales como la frecuencia o gravedad de los delitos.<\/p>\n\n\n\n<p>Por su parte, respecto a las situaciones planteadas por las representantes de ambos municipios, la coordinadora regional de Seguridad P\u00fablica, Mar\u00eda de los \u00c1ngeles Flores resalt\u00f3 que, \u201cnosotros comprometimos hacer la vinculaci\u00f3n con el Servicio Mejor Ni\u00f1ez, as\u00ed tambi\u00e9n con Sernatur, respecto a la temporada estival que se viene, en el trabajo espec\u00edfico con gu\u00edas en el sector del Paine\u201d.<\/p>\n","protected":false},"excerpt":{"rendered":"<p>Para coordinar los ejes program\u00e1ticos en materia de Seguridad P\u00fablica, este mi\u00e9rcoles \u00faltimo, se desarroll\u00f3 una sesi\u00f3n del Comit\u00e9 Provincial dirigido por la delegada presidencial provincial de \u00daltima Esperanza, Romina&#8230; <a class=\"read-more\" href=\"https:\/\/www.radiopresidenteibanez.cl\/web\/delegada-presidencial-provincial-de-ultima-esperanza-dirige-comite-provincial-de-seguridad-publica\/\">Leer m\u00e1s<\/a><\/p>\n","protected":false},"author":2,"featured_media":33256,"comment_status":"closed","ping_status":"closed","sticky":false,"template":"","format":"standard","meta":{"footnotes":""},"categories":[1],"tags":[],"class_list":["post-33255","post","type-post","status-publish","format-standard","has-post-thumbnail","hentry","category-cronica"],"_links":{"self":[{"href":"https:\/\/www.radiopresidenteibanez.cl\/web\/wp-json\/wp\/v2\/posts\/33255","targetHints":{"allow":["GET"]}}],"collection":[{"href":"https:\/\/www.radiopresidenteibanez.cl\/web\/wp-json\/wp\/v2\/posts"}],"about":[{"href":"https:\/\/www.radiopresidenteibanez.cl\/web\/wp-json\/wp\/v2\/types\/post"}],"author":[{"embeddable":true,"href":"https:\/\/www.radiopresidenteibanez.cl\/web\/wp-json\/wp\/v2\/users\/2"}],"replies":[{"embeddable":true,"href":"https:\/\/www.radiopresidenteibanez.cl\/web\/wp-json\/wp\/v2\/comments?post=33255"}],"version-history":[{"count":0,"href":"https:\/\/www.radiopresidenteibanez.cl\/web\/wp-json\/wp\/v2\/posts\/33255\/revisions"}],"wp:featuredmedia":[{"embeddable":true,"href":"https:\/\/www.radiopresidenteibanez.cl\/web\/wp-json\/wp\/v2\/media\/33256"}],"wp:attachment":[{"href":"https:\/\/www.radiopresidenteibanez.cl\/web\/wp-json\/wp\/v2\/media?parent=33255"}],"wp:term":[{"taxonomy":"category","embeddable":true,"href":"https:\/\/www.radiopresidenteibanez.cl\/web\/wp-json\/wp\/v2\/categories?post=33255"},{"taxonomy":"post_tag","embeddable":true,"href":"https:\/\/www.radiopresidenteibanez.cl\/web\/wp-json\/wp\/v2\/tags?post=33255"}],"curies":[{"name":"wp","href":"https:\/\/api.w.org\/{rel}","templated":true}]}}