{"id":33251,"date":"2022-10-06T18:43:00","date_gmt":"2022-10-06T21:43:00","guid":{"rendered":"https:\/\/www.radiopresidenteibanez.cl\/web\/?p=33251"},"modified":"2022-10-06T16:27:55","modified_gmt":"2022-10-06T19:27:55","slug":"entregan-dispositivos-moviles-a-17-beneficiarios-del-programa-digitalizate-para-el-trabajo-en-tierra-del-fuego","status":"publish","type":"post","link":"https:\/\/www.radiopresidenteibanez.cl\/web\/entregan-dispositivos-moviles-a-17-beneficiarios-del-programa-digitalizate-para-el-trabajo-en-tierra-del-fuego\/","title":{"rendered":"Entregan dispositivos m\u00f3viles a 17 beneficiarios del programa \u201cDigital\u00edzate para el trabajo\u201d en Tierra del Fuego"},"content":{"rendered":"\n<p>Un total de 17 personas de las comunas de Timaukel y Primavera en la provincia de Tierra del Fuego fueron beneficiadas gracias al programa \u201cDigital\u00edzate para el Trabajo\u201d a trav\u00e9s de la entrega de dispositivos m\u00f3viles y un curso de capacitaci\u00f3n en habilidades digitales que los prepar\u00f3 para la b\u00fasqueda de empleo y actividades de emprendimiento.<\/p>\n\n\n\n<p>La iniciativa del Servicio Nacional de Capacitaci\u00f3n y Empleo (Sence) contempl\u00f3 un curso de 181 horas y una inversi\u00f3n de 22 millones de pesos para 11 beneficiarios de la comuna de Primavera y 6 alumnos de Timaukel, quienes completaron con \u00e9xito su formaci\u00f3n, lo que les permiti\u00f3 la recepci\u00f3n de sus nuevas herramientas digitales.<\/p>\n\n\n\n<p>Tras la certificaci\u00f3n y entrega de los dispositivos, la Seremi del Trabajo y Previsi\u00f3n Social, Doris Sandoval, se\u00f1al\u00f3 que: \u201cEstamos muy contentas y contentos de poder llegar con nuestros instrumentos, en este caso, las capacitaciones que, adem\u00e1s, para este programa de Sence en particular, contempla la entrega de un dispositivo electr\u00f3nico; a los lugares m\u00e1s alejados de nuestra regi\u00f3n, lo que es sin duda, uno de los principales sellos del gobierno de nuestro presidente Gabriel Boric, estar en todo el territorio\u201d.<\/p>\n\n\n\n<p>La autoridad tambi\u00e9n destac\u00f3 que en la actualidad, \u201cincluso, para sacar una hora a m\u00e9dico o para postular a un trabajo tienes que estar familiarizada o familiarizado con las herramientas digitales. Saber ingresar a una p\u00e1gina web y navegar por ella es casi esencial y, con ese foco, este Programa busca impulsar y aportar a las personas que no est\u00e1n tan interiorizadas en estas herramientas, entreg\u00e1ndoles los conocimientos y la Tablet, para iniciarse en la tecnolog\u00eda y as\u00ed facilitar su inserci\u00f3n al mundo laboral\u00bb.<\/p>\n\n\n\n<p>El programa \u201cDigital\u00edzate\u201d fomenta que las personas puedan aplicar los principales elementos de la alfabetizaci\u00f3n digital en los dispositivos m\u00f3viles, en el uso y manejo de internet, b\u00fasqueda de empleo digital y fortalecimiento del emprendimiento en modalidad digital mediante la entrega de conocimientos y la entrega de Tablet para que las usuarias y los usuarios puedan tener un mejor acceso y aprendizaje digital.<\/p>\n\n\n\n<p>La directora (s) de Sence Magallanes, Doris Manqui\u00e1n, destac\u00f3 \u201cla importancia de llegar a las comunas m\u00e1s alejadas de la regi\u00f3n, fomentando la capacitaci\u00f3n en \u00e1reas tan relevantes como la alfabetizaci\u00f3n digital, agradecer adem\u00e1s el trabajo mancomunado con los Municipios y la Delegaci\u00f3n Provincial de Tierra del Fuego\u201d.<\/p>\n\n\n\n<p>El programa contempla un total de 181 horas de clases de conexi\u00f3n en l\u00ednea, para lo que se entrega este dispositivo Tablet de uso individual, el que, una vez finalizado y aprobado el plan formativo, ser\u00e1 de propiedad del alumno y alumna.<\/p>\n\n\n\n<p>Pueden postular al programa \u201cDigital\u00edzate\u201d personas mayores de 18 a\u00f1os con c\u00e9dula de identidad vigente que se encuentren dentro del 80% de la poblaci\u00f3n m\u00e1s vulnerable seg\u00fan el Registro Social de Hogares, personas que se encuentren hasta el 40% m\u00e1s vulnerable seg\u00fan el mismo instrumento, preferentemente mujeres y que est\u00e9n cesantes o buscan trabajo por primera vez.<\/p>\n\n\n\n<p>Las consultas se pueden realizar a trav\u00e9s del sitio web del servicio, <a href=\"http:\/\/www.sence.cl\">www.sence.cl<\/a> o en oficinas de la instituci\u00f3n, ubicada en calle Magallanes N\u00b0538, Punta Arenas.<\/p>\n","protected":false},"excerpt":{"rendered":"<p>Un total de 17 personas de las comunas de Timaukel y Primavera en la provincia de Tierra del Fuego fueron beneficiadas gracias al programa \u201cDigital\u00edzate para el Trabajo\u201d a trav\u00e9s&#8230; <a class=\"read-more\" href=\"https:\/\/www.radiopresidenteibanez.cl\/web\/entregan-dispositivos-moviles-a-17-beneficiarios-del-programa-digitalizate-para-el-trabajo-en-tierra-del-fuego\/\">Leer m\u00e1s<\/a><\/p>\n","protected":false},"author":2,"featured_media":33252,"comment_status":"closed","ping_status":"closed","sticky":false,"template":"","format":"standard","meta":{"footnotes":""},"categories":[1],"tags":[],"class_list":["post-33251","post","type-post","status-publish","format-standard","has-post-thumbnail","hentry","category-cronica"],"_links":{"self":[{"href":"https:\/\/www.radiopresidenteibanez.cl\/web\/wp-json\/wp\/v2\/posts\/33251","targetHints":{"allow":["GET"]}}],"collection":[{"href":"https:\/\/www.radiopresidenteibanez.cl\/web\/wp-json\/wp\/v2\/posts"}],"about":[{"href":"https:\/\/www.radiopresidenteibanez.cl\/web\/wp-json\/wp\/v2\/types\/post"}],"author":[{"embeddable":true,"href":"https:\/\/www.radiopresidenteibanez.cl\/web\/wp-json\/wp\/v2\/users\/2"}],"replies":[{"embeddable":true,"href":"https:\/\/www.radiopresidenteibanez.cl\/web\/wp-json\/wp\/v2\/comments?post=33251"}],"version-history":[{"count":0,"href":"https:\/\/www.radiopresidenteibanez.cl\/web\/wp-json\/wp\/v2\/posts\/33251\/revisions"}],"wp:featuredmedia":[{"embeddable":true,"href":"https:\/\/www.radiopresidenteibanez.cl\/web\/wp-json\/wp\/v2\/media\/33252"}],"wp:attachment":[{"href":"https:\/\/www.radiopresidenteibanez.cl\/web\/wp-json\/wp\/v2\/media?parent=33251"}],"wp:term":[{"taxonomy":"category","embeddable":true,"href":"https:\/\/www.radiopresidenteibanez.cl\/web\/wp-json\/wp\/v2\/categories?post=33251"},{"taxonomy":"post_tag","embeddable":true,"href":"https:\/\/www.radiopresidenteibanez.cl\/web\/wp-json\/wp\/v2\/tags?post=33251"}],"curies":[{"name":"wp","href":"https:\/\/api.w.org\/{rel}","templated":true}]}}