{"id":3325,"date":"2019-04-13T18:42:43","date_gmt":"2019-04-13T18:42:43","guid":{"rendered":"http:\/\/www.radiopresidenteibanez.cl\/web\/?p=3325"},"modified":"2019-04-13T18:43:26","modified_gmt":"2019-04-13T18:43:26","slug":"fosis-invita-a-organizaciones-sociales-a-postular-a-fondo-concursable","status":"publish","type":"post","link":"https:\/\/www.radiopresidenteibanez.cl\/web\/fosis-invita-a-organizaciones-sociales-a-postular-a-fondo-concursable\/","title":{"rendered":"FOSIS INVITA A ORGANIZACIONES SOCIALES A POSTULAR A FONDO CONCURSABLE"},"content":{"rendered":"\n<p>Fortalecer la vida en\ncomunidad es el objetivo de la iniciativa que el Fondo de Solidaridad e\nInversi\u00f3n Social, FOSIS, servicio relacionado al Ministerio de Desarrollo,\ntiene disponible para organizaciones funcionales y territoriales, como comit\u00e9s,\nclubes, uniones comunales, junta de vecinos, entre otras.<\/p>\n\n\n\n<p>El fondo asciende a 14\nmillones de pesos para financiar 7 iniciativas en total, para las comunas de\nPunta Arenas, Natales y Porvenir, proyectos que pueden ser relacionados al\n\u00e1mbito de la salud, nutrici\u00f3n y deporte, recreaci\u00f3n y esparcimiento, prevenci\u00f3n\nde alcohol y drogas, identidad y patrimonio cultural, acceso a tecnolog\u00edas y\ngeneraci\u00f3n de redes.&nbsp; <\/p>\n\n\n\n<p>El director regional del\nFOSIS, Hern\u00e1n Soto, manifest\u00f3 que \u201cla principal caracter\u00edstica de este programa\nes la autogesti\u00f3n que realizan las propias organizaciones, ya sea para\ndeterminar sus necesidades de participaci\u00f3n, administrar los recursos entregados,\ny de paso, fortalecerlos como comunidad\u201d.<\/p>\n\n\n\n<p>Las organizaciones interesadas pueden retirar las bases, hasta el d\u00eda 1 de mayo, en la oficina regional del FOSIS en Punta Arenas, ubicada en Lautaro Navarro 358, de lunes a viernes de 9 a 13 horas, y en el portal de licitaciones www.fosis.gob.cl. El plazo de entrega de las propuestas es el d\u00eda 6 de mayo, hasta las 11:30 horas, de manera presencial o v\u00eda web. <\/p>\n\n\n\n<figure class=\"wp-block-image\"><img loading=\"lazy\" decoding=\"async\" width=\"1024\" height=\"768\" src=\"http:\/\/www.radiopresidenteibanez.cl\/web\/wp-content\/uploads\/2019\/04\/Agrupaci\u00f3n-juvennil-Arrebolitos-de-la-Patagonia-Punta-Arenas-programa-Acci\u00f3n.-1024x768.jpg\" alt=\"\" class=\"wp-image-3326\" srcset=\"https:\/\/www.radiopresidenteibanez.cl\/web\/wp-content\/uploads\/2019\/04\/Agrupaci\u00f3n-juvennil-Arrebolitos-de-la-Patagonia-Punta-Arenas-programa-Acci\u00f3n.-1024x768.jpg 1024w, https:\/\/www.radiopresidenteibanez.cl\/web\/wp-content\/uploads\/2019\/04\/Agrupaci\u00f3n-juvennil-Arrebolitos-de-la-Patagonia-Punta-Arenas-programa-Acci\u00f3n.-300x225.jpg 300w, https:\/\/www.radiopresidenteibanez.cl\/web\/wp-content\/uploads\/2019\/04\/Agrupaci\u00f3n-juvennil-Arrebolitos-de-la-Patagonia-Punta-Arenas-programa-Acci\u00f3n.-768x576.jpg 768w\" sizes=\"auto, (max-width: 1024px) 100vw, 1024px\" \/><\/figure>\n","protected":false},"excerpt":{"rendered":"<p>Fortalecer la vida en comunidad es el objetivo de la iniciativa que el Fondo de Solidaridad e Inversi\u00f3n Social, FOSIS, servicio relacionado al Ministerio de Desarrollo, tiene disponible para organizaciones&#8230; <a class=\"read-more\" href=\"https:\/\/www.radiopresidenteibanez.cl\/web\/fosis-invita-a-organizaciones-sociales-a-postular-a-fondo-concursable\/\">Leer m\u00e1s<\/a><\/p>\n","protected":false},"author":2,"featured_media":3326,"comment_status":"closed","ping_status":"closed","sticky":false,"template":"","format":"standard","meta":{"footnotes":""},"categories":[1],"tags":[],"class_list":["post-3325","post","type-post","status-publish","format-standard","has-post-thumbnail","hentry","category-cronica"],"_links":{"self":[{"href":"https:\/\/www.radiopresidenteibanez.cl\/web\/wp-json\/wp\/v2\/posts\/3325","targetHints":{"allow":["GET"]}}],"collection":[{"href":"https:\/\/www.radiopresidenteibanez.cl\/web\/wp-json\/wp\/v2\/posts"}],"about":[{"href":"https:\/\/www.radiopresidenteibanez.cl\/web\/wp-json\/wp\/v2\/types\/post"}],"author":[{"embeddable":true,"href":"https:\/\/www.radiopresidenteibanez.cl\/web\/wp-json\/wp\/v2\/users\/2"}],"replies":[{"embeddable":true,"href":"https:\/\/www.radiopresidenteibanez.cl\/web\/wp-json\/wp\/v2\/comments?post=3325"}],"version-history":[{"count":0,"href":"https:\/\/www.radiopresidenteibanez.cl\/web\/wp-json\/wp\/v2\/posts\/3325\/revisions"}],"wp:featuredmedia":[{"embeddable":true,"href":"https:\/\/www.radiopresidenteibanez.cl\/web\/wp-json\/wp\/v2\/media\/3326"}],"wp:attachment":[{"href":"https:\/\/www.radiopresidenteibanez.cl\/web\/wp-json\/wp\/v2\/media?parent=3325"}],"wp:term":[{"taxonomy":"category","embeddable":true,"href":"https:\/\/www.radiopresidenteibanez.cl\/web\/wp-json\/wp\/v2\/categories?post=3325"},{"taxonomy":"post_tag","embeddable":true,"href":"https:\/\/www.radiopresidenteibanez.cl\/web\/wp-json\/wp\/v2\/tags?post=3325"}],"curies":[{"name":"wp","href":"https:\/\/api.w.org\/{rel}","templated":true}]}}