{"id":33230,"date":"2022-10-06T12:50:00","date_gmt":"2022-10-06T15:50:00","guid":{"rendered":"https:\/\/www.radiopresidenteibanez.cl\/web\/?p=33230"},"modified":"2022-10-06T10:18:57","modified_gmt":"2022-10-06T13:18:57","slug":"construccion-de-63-viviendas-para-familias-de-origen-huilliche-alcanza-un-cincuenta-por-ciento-de-avance","status":"publish","type":"post","link":"https:\/\/www.radiopresidenteibanez.cl\/web\/construccion-de-63-viviendas-para-familias-de-origen-huilliche-alcanza-un-cincuenta-por-ciento-de-avance\/","title":{"rendered":"Construcci\u00f3n de 63 viviendas para familias de origen Huilliche alcanza un cincuenta por ciento de avance"},"content":{"rendered":"\n<p>Un 52 por ciento de avance presenta la construcci\u00f3n del loteo Weche Pepiukelen para familias de origen Huilliche. Estado de las obras, que fue constatado por los representantes de la agrupaci\u00f3n de vivienda, guiados por el seremi de Vivienda y Urbanismo, Marco Uribe Saldivia, y la directora regional de Serviu, Mar\u00eda Luz Gajardo Salazar.<\/p>\n\n\n\n<p>El loteo se compone de casas de 57 m2, una sala multiuso de 70 m2 y tres \u00e1reas verdes para el esparcimiento de los futuros vecinos. Las viviendas son de dos pisos y cuentan con tres dormitorios y estar-comedor con piso flotante y calefacci\u00f3n central, adem\u00e1s de un ba\u00f1o y cocina con cer\u00e1micos.<\/p>\n\n\n\n<p>El conjunto, adem\u00e1s, considera una casa para persona con movilidad reducida, edificada en un piso con dos dormitorios, m\u00e1s un tercero proyectado para una ampliaci\u00f3n.<\/p>\n\n\n\n<p><strong>\u201cHoy estamos en visita de avance de obras al Loteo Weche Pepiukelen en conjunto con los dirigentes de la agrupaci\u00f3n y tambi\u00e9n para dar cumplimiento a uno de los mandatos del Presidente Gabriel Boric que es realizar el acompa\u00f1amiento no solo t\u00e9cnico sino tambi\u00e9n social, incorporando a las familias a visitar el proyecto en ejecuci\u00f3n para que vean c\u00f3mo son los procesos que realizan las empresas constructoras\u201d<\/strong>, explic\u00f3 el&nbsp;<strong>Seremi Marco Uribe Saldivia<\/strong>.<\/p>\n\n\n\n<p>Esta obra, que corresponde a una inversi\u00f3n Minvu, a trav\u00e9s del Programa Fondo Solidario de Elecci\u00f3n de Vivienda (DS49,) por m\u00e1s de $4.745 millones, es ejecutado por la entidad patrocinante y constructora Salfa, en la intersecci\u00f3n de la Avenida Mart\u00ednez de Aldunate con la calle Jos\u00e9 Diaz Barr\u00eda, en el sector sur de Punta Arenas.<\/p>\n\n\n\n<p>La&nbsp;<strong>directora del Serviu, Mar\u00eda Luz Gajardo Salazar<\/strong>, se refiri\u00f3 a la relevancia del proyecto, destacando que&nbsp;<strong>\u201cen este conjunto ustedes podr\u00e1n ver que hay una calidad importante en las terminaciones, en las caracter\u00edsticas arquitect\u00f3nicas y en los espacios p\u00fablicos. Las casas cuentan con termopaneles en las ventanas, adem\u00e1s de calefacci\u00f3n central mediante caldera y radiadores. En este nivel est\u00e1 la vivienda social que queremos en Magallanes\u201d.<\/strong><\/p>\n\n\n\n<p>En la ocasi\u00f3n las autoridades junto a la directiva visitaron una de las viviendas tipo del conjunto y la vivienda con accesibilidad universal. El presidente de la organizaci\u00f3n,<strong>&nbsp;Rodrigo Carrera, manifest\u00f3 su satisfacci\u00f3n por la concreci\u00f3n de este proyecto y el significativo avance de la obra.<\/strong><\/p>\n\n\n\n<p>Al t\u00e9rmino de la visita,&nbsp;<strong>Daniela Villegas, secretaria de la agrupaci\u00f3n<\/strong>&nbsp;se\u00f1al\u00f3&nbsp;<strong>\u201cEstamos muy contentos, nosotros como directiva solamente representamos al grupo de socios, es emocionante recordar el trabajo nuestro y el apoyo y compromiso de cada socio y tambi\u00e9n las voluntades de las instituciones que est\u00e1n presentes aqu\u00ed. Nos sentimos muy felices la verdad de ver los avances, ya estamos imagin\u00e1ndonos todos, la vida aqu\u00ed, as\u00ed que se agradecen todas las gestiones, estamos muy contentos\u201d<\/strong>, concluy\u00f3.<\/p>\n\n\n\n<p>La agrupaci\u00f3n de vivienda Weche Pepiukelen fue constituida en 2014, al alero de la Asociaci\u00f3n ind\u00edgena del mismo nombre, creada en 2010 con el fin de apoyar a personas con ascendencia ind\u00edgena en el \u00e1mbito educacional, social y recreativo. Los beneficiarios del proyecto son 52 mujeres y 11 hombres.<\/p>\n","protected":false},"excerpt":{"rendered":"<p>Un 52 por ciento de avance presenta la construcci\u00f3n del loteo Weche Pepiukelen para familias de origen Huilliche. Estado de las obras, que fue constatado por los representantes de la&#8230; <a class=\"read-more\" href=\"https:\/\/www.radiopresidenteibanez.cl\/web\/construccion-de-63-viviendas-para-familias-de-origen-huilliche-alcanza-un-cincuenta-por-ciento-de-avance\/\">Leer m\u00e1s<\/a><\/p>\n","protected":false},"author":2,"featured_media":33231,"comment_status":"closed","ping_status":"closed","sticky":false,"template":"","format":"standard","meta":{"footnotes":""},"categories":[1],"tags":[],"class_list":["post-33230","post","type-post","status-publish","format-standard","has-post-thumbnail","hentry","category-cronica"],"_links":{"self":[{"href":"https:\/\/www.radiopresidenteibanez.cl\/web\/wp-json\/wp\/v2\/posts\/33230","targetHints":{"allow":["GET"]}}],"collection":[{"href":"https:\/\/www.radiopresidenteibanez.cl\/web\/wp-json\/wp\/v2\/posts"}],"about":[{"href":"https:\/\/www.radiopresidenteibanez.cl\/web\/wp-json\/wp\/v2\/types\/post"}],"author":[{"embeddable":true,"href":"https:\/\/www.radiopresidenteibanez.cl\/web\/wp-json\/wp\/v2\/users\/2"}],"replies":[{"embeddable":true,"href":"https:\/\/www.radiopresidenteibanez.cl\/web\/wp-json\/wp\/v2\/comments?post=33230"}],"version-history":[{"count":0,"href":"https:\/\/www.radiopresidenteibanez.cl\/web\/wp-json\/wp\/v2\/posts\/33230\/revisions"}],"wp:featuredmedia":[{"embeddable":true,"href":"https:\/\/www.radiopresidenteibanez.cl\/web\/wp-json\/wp\/v2\/media\/33231"}],"wp:attachment":[{"href":"https:\/\/www.radiopresidenteibanez.cl\/web\/wp-json\/wp\/v2\/media?parent=33230"}],"wp:term":[{"taxonomy":"category","embeddable":true,"href":"https:\/\/www.radiopresidenteibanez.cl\/web\/wp-json\/wp\/v2\/categories?post=33230"},{"taxonomy":"post_tag","embeddable":true,"href":"https:\/\/www.radiopresidenteibanez.cl\/web\/wp-json\/wp\/v2\/tags?post=33230"}],"curies":[{"name":"wp","href":"https:\/\/api.w.org\/{rel}","templated":true}]}}