{"id":33212,"date":"2022-10-05T13:47:00","date_gmt":"2022-10-05T16:47:00","guid":{"rendered":"https:\/\/www.radiopresidenteibanez.cl\/web\/?p=33212"},"modified":"2022-10-05T16:49:51","modified_gmt":"2022-10-05T19:49:51","slug":"artista-magallanico-yayo-riquelme-presenta-ecos-pintura-sobre-vidrio-8-y-9-de-octubre","status":"publish","type":"post","link":"https:\/\/www.radiopresidenteibanez.cl\/web\/artista-magallanico-yayo-riquelme-presenta-ecos-pintura-sobre-vidrio-8-y-9-de-octubre\/","title":{"rendered":"ARTISTA MAGALL\u00c1NICO YAYO RIQUELME PRESENTA \u201cECOS\u201d, PINTURA SOBRE VIDRIO 8 y 9 DE OCTUBRE"},"content":{"rendered":"\n<p>El destacado artista pl\u00e1stico y poeta magall\u00e1nico YAYO RIQUELME presentar\u00e1 los d\u00edas s\u00e1bado 8 y domingo 9 de octubre la exposici\u00f3n \u201cEcos\u201d, Pintura Sobre Vidrio, en dependencias de la Sociedad de Instrucci\u00f3n Popular, Av. Col\u00f3n 956, Punta Arenas, de 17 a 21 hrs.<\/p>\n\n\n\n<p>Yayo Riquelme Navarro naci\u00f3 en Punta Arenas en septiembre de 1962. Siendo muy ni\u00f1o se acerca a la literatura.&nbsp; Actualmente reside en Santiago y se dedica a cultivar sus dos vetas art\u00edsticas: la literatura y las artes visuales, siendo esta \u00faltima su principal ocupaci\u00f3n en un local ubicado en el pueblito de Los Dominicos, donde crea, expone y vende sus pinturas.<\/p>\n\n\n\n<p>En lo literario hace un a\u00f1o present\u00f3 en Punta Arenas (ciudad a la que siempre regresa) su segundo libro \u201cAsunto en los Patios\u201d y ahora llega con la exposici\u00f3n \u201cEcos\u201d, pintura sobre vidrio.<\/p>\n","protected":false},"excerpt":{"rendered":"<p>El destacado artista pl\u00e1stico y poeta magall\u00e1nico YAYO RIQUELME presentar\u00e1 los d\u00edas s\u00e1bado 8 y domingo 9 de octubre la exposici\u00f3n \u201cEcos\u201d, Pintura Sobre Vidrio, en dependencias de la Sociedad&#8230; <a class=\"read-more\" href=\"https:\/\/www.radiopresidenteibanez.cl\/web\/artista-magallanico-yayo-riquelme-presenta-ecos-pintura-sobre-vidrio-8-y-9-de-octubre\/\">Leer m\u00e1s<\/a><\/p>\n","protected":false},"author":2,"featured_media":33213,"comment_status":"closed","ping_status":"closed","sticky":false,"template":"","format":"standard","meta":{"footnotes":""},"categories":[1],"tags":[],"class_list":["post-33212","post","type-post","status-publish","format-standard","has-post-thumbnail","hentry","category-cronica"],"_links":{"self":[{"href":"https:\/\/www.radiopresidenteibanez.cl\/web\/wp-json\/wp\/v2\/posts\/33212","targetHints":{"allow":["GET"]}}],"collection":[{"href":"https:\/\/www.radiopresidenteibanez.cl\/web\/wp-json\/wp\/v2\/posts"}],"about":[{"href":"https:\/\/www.radiopresidenteibanez.cl\/web\/wp-json\/wp\/v2\/types\/post"}],"author":[{"embeddable":true,"href":"https:\/\/www.radiopresidenteibanez.cl\/web\/wp-json\/wp\/v2\/users\/2"}],"replies":[{"embeddable":true,"href":"https:\/\/www.radiopresidenteibanez.cl\/web\/wp-json\/wp\/v2\/comments?post=33212"}],"version-history":[{"count":0,"href":"https:\/\/www.radiopresidenteibanez.cl\/web\/wp-json\/wp\/v2\/posts\/33212\/revisions"}],"wp:featuredmedia":[{"embeddable":true,"href":"https:\/\/www.radiopresidenteibanez.cl\/web\/wp-json\/wp\/v2\/media\/33213"}],"wp:attachment":[{"href":"https:\/\/www.radiopresidenteibanez.cl\/web\/wp-json\/wp\/v2\/media?parent=33212"}],"wp:term":[{"taxonomy":"category","embeddable":true,"href":"https:\/\/www.radiopresidenteibanez.cl\/web\/wp-json\/wp\/v2\/categories?post=33212"},{"taxonomy":"post_tag","embeddable":true,"href":"https:\/\/www.radiopresidenteibanez.cl\/web\/wp-json\/wp\/v2\/tags?post=33212"}],"curies":[{"name":"wp","href":"https:\/\/api.w.org\/{rel}","templated":true}]}}