{"id":33188,"date":"2022-10-05T10:41:00","date_gmt":"2022-10-05T13:41:00","guid":{"rendered":"https:\/\/www.radiopresidenteibanez.cl\/web\/?p=33188"},"modified":"2022-10-05T09:44:16","modified_gmt":"2022-10-05T12:44:16","slug":"la-plata-no-vale-na-no-vale-na-no-vale-na-apenas-para-la-vida-a-fin-de-mes-no-va-a-llegar-canta-juana-fe","status":"publish","type":"post","link":"https:\/\/www.radiopresidenteibanez.cl\/web\/la-plata-no-vale-na-no-vale-na-no-vale-na-apenas-para-la-vida-a-fin-de-mes-no-va-a-llegar-canta-juana-fe\/","title":{"rendered":"\u00ab..La plata no vale na&#8217;, no vale na&#8217;, no vale na&#8217;, apenas para la vida , a fin de mes no va a llegar..\u00bbcanta Juana Fe"},"content":{"rendered":"\n<p>1.- Desde siempre hemos hablado de la responsabilidad que deben tener los dirigentes de la clase trabajadora, tanto en los sindicatos de base como en las organizaciones nacionales a las que acceden a propuesta de sus compa\u00f1eros y compa\u00f1eras. Si algo nos debe caracterizar siempre, es decir las cosas sin ambig\u00fcedad y exponer las fallas cuando estas aparezcan, buscando siempre dar a todos la posibilidad de resarcirse de alg\u00fan paso mal dado.<br>Nadie es perfecto y todos pueden equivocarse alguna vez, hay que ponderar los hechos, sacar las conclusiones, resolver proponiendo cambios y seguir avanzando.<br>No obstante, cuando se ha retomado el trabajo y se persiste en cuestiones que da\u00f1an la organizaci\u00f3n, cuando alguien comienza a creer que \u00e9sta depende casi exclusivamente de su accionar, se deben tomar medidas dr\u00e1sticas por muy dolorosas que puedan llegar a ser.<br>Y es que nadie puede creer que est\u00e1 por sobre la organizaci\u00f3n y que la misma va a funcionar a su sola gu\u00eda.<br>Un dirigente debe ser siempre el espejo en el que se reflejan sus pares, el que m\u00e1s hace por la unidad y por el trabajo en equipo, el que ayuda a aquellos que menos saben y est\u00e1 presto a salvar cualquier contrariedad que se presente. Cuando este dirigente comienza a caminar solo, a ignorar lo que piensan y sienten los dem\u00e1s, a sentir que es el centro, hay que hablar con \u00e9l y ponerlo en su lugar.<br>Si no lo entiende y persiste, debe salir del colectivo pues tarde o temprano va a provocar da\u00f1os que pueden ser irreversibles.<\/p>\n\n\n\n<p>2.- Aquellos que pretendan sacar beneficios propios o ignorar a quienes deben ser siempre sujetos de respeto, no son bienvenidos en una organizaci\u00f3n. Por muy bien urdido que sea aquello que va en contra de la organizaci\u00f3n, tarde o temprano queda expuesto y ante ello el camino es uno solo. Presentar los antecedentes ante la asamblea de dirigentes y depurar, si es el camino para recuperar espacios y credibilidad.<br>Nadie debe quedarse sin conocer los hechos, ya que es la se\u00f1al m\u00e1s clara de que nada que vaya en contra de la organizaci\u00f3n ser\u00e1 permitido y ocultado.<br>Jam\u00e1s se debe permitir que bajo cualquier raz\u00f3n o circunstancia alguien pueda creer que es imprescindible y que eso le da derecho a hacer lo que quiere, faltando a la fraternidad, el compa\u00f1erismo y la honestidad.<br>Los que as\u00ed lo hagan se deben ir y pasar\u00e1n de mala manera a la historia.<br>***********<br>Nuestra fuerza la Unidad<br>Nuestra meta la Victoria<\/p>\n","protected":false},"excerpt":{"rendered":"<p>1.- Desde siempre hemos hablado de la responsabilidad que deben tener los dirigentes de la clase trabajadora, tanto en los sindicatos de base como en las organizaciones nacionales a las&#8230; <a class=\"read-more\" href=\"https:\/\/www.radiopresidenteibanez.cl\/web\/la-plata-no-vale-na-no-vale-na-no-vale-na-apenas-para-la-vida-a-fin-de-mes-no-va-a-llegar-canta-juana-fe\/\">Leer m\u00e1s<\/a><\/p>\n","protected":false},"author":2,"featured_media":33189,"comment_status":"closed","ping_status":"closed","sticky":false,"template":"","format":"standard","meta":{"footnotes":""},"categories":[1],"tags":[],"class_list":["post-33188","post","type-post","status-publish","format-standard","has-post-thumbnail","hentry","category-cronica"],"_links":{"self":[{"href":"https:\/\/www.radiopresidenteibanez.cl\/web\/wp-json\/wp\/v2\/posts\/33188","targetHints":{"allow":["GET"]}}],"collection":[{"href":"https:\/\/www.radiopresidenteibanez.cl\/web\/wp-json\/wp\/v2\/posts"}],"about":[{"href":"https:\/\/www.radiopresidenteibanez.cl\/web\/wp-json\/wp\/v2\/types\/post"}],"author":[{"embeddable":true,"href":"https:\/\/www.radiopresidenteibanez.cl\/web\/wp-json\/wp\/v2\/users\/2"}],"replies":[{"embeddable":true,"href":"https:\/\/www.radiopresidenteibanez.cl\/web\/wp-json\/wp\/v2\/comments?post=33188"}],"version-history":[{"count":0,"href":"https:\/\/www.radiopresidenteibanez.cl\/web\/wp-json\/wp\/v2\/posts\/33188\/revisions"}],"wp:featuredmedia":[{"embeddable":true,"href":"https:\/\/www.radiopresidenteibanez.cl\/web\/wp-json\/wp\/v2\/media\/33189"}],"wp:attachment":[{"href":"https:\/\/www.radiopresidenteibanez.cl\/web\/wp-json\/wp\/v2\/media?parent=33188"}],"wp:term":[{"taxonomy":"category","embeddable":true,"href":"https:\/\/www.radiopresidenteibanez.cl\/web\/wp-json\/wp\/v2\/categories?post=33188"},{"taxonomy":"post_tag","embeddable":true,"href":"https:\/\/www.radiopresidenteibanez.cl\/web\/wp-json\/wp\/v2\/tags?post=33188"}],"curies":[{"name":"wp","href":"https:\/\/api.w.org\/{rel}","templated":true}]}}