{"id":33166,"date":"2022-10-04T12:49:00","date_gmt":"2022-10-04T15:49:00","guid":{"rendered":"https:\/\/www.radiopresidenteibanez.cl\/web\/?p=33166"},"modified":"2022-10-04T11:50:54","modified_gmt":"2022-10-04T14:50:54","slug":"desde-punta-arenas-ministra-diaz-inauguro-la-version-2022-del-festival-de-las-ciencias","status":"publish","type":"post","link":"https:\/\/www.radiopresidenteibanez.cl\/web\/desde-punta-arenas-ministra-diaz-inauguro-la-version-2022-del-festival-de-las-ciencias\/","title":{"rendered":"Desde Punta Arenas ministra D\u00edaz inaugur\u00f3 la versi\u00f3n 2022 del Festival de las Ciencias"},"content":{"rendered":"\n<p>Luego de un conversatorio y un mapping en el emblem\u00e1tico edificio de la Cruz Roja de Chile en Punta Arenas, la ministra de Ciencia, Tecnolog\u00eda, Conocimiento e Innovaci\u00f3n, Silvia D\u00edaz Acosta, dio inicio a las celebraciones del Festival de las Ciencias (FECI 2022) desde la regi\u00f3n de Magallanes y de la Ant\u00e1rtica Chilena, respondiendo al llamado a la descentralizaci\u00f3n que el gobierno del Presidente Boric ha realizado. En su cuarta versi\u00f3n el FECI invita a las personas a acercarse, asombrarse, apropiarse y disfrutar de los temas y fen\u00f3menos relacionados a la ciencia, tecnolog\u00eda, el conocimiento y la innovaci\u00f3n (CTCI).<\/p>\n\n\n\n<p>A estas actividades se sum\u00f3 el Primer Plogging de Magallanes \u201cCorrida conCiencia por el Estrecho\u201d, trote familiar que involucr\u00f3 a m\u00e1s de 400 personas en la recolecci\u00f3n de basura y otros residuos que ensucian la ciudad y espacios naturales. Los participantes tambi\u00e9n disfrutaron de baile entretenido, taichi, m\u00fasica en vivo, batucada -gracias al aporte de la seremi de las Culturas-, concursos -auspiciados por Ansilta, Centro Ideal y Conaf-, y recorrieron los stand de diversas instituciones generadoras de conocimiento de la regi\u00f3n.<\/p>\n\n\n\n<p>\u201cNuestro rol como ministerio es propiciar y articular la generaci\u00f3n de nuevos conocimientos, la investigaci\u00f3n cient\u00edfica, el desarrollo tecnol\u00f3gico y la innovaci\u00f3n, siempre con el objetivo de generar las transformaciones necesarias para un nuevo modelo de desarrollo sustentable y respetuoso con el ecosistema en su totalidad. En ese sentido, inaugurar FECI desde la Regi\u00f3n de Magallanes no es casual, puesto que se trata de una regi\u00f3n importante para la producci\u00f3n de conocimiento y en especial para la divulgaci\u00f3n del mismo\u201d, coment\u00f3 la ministra de Ciencia, Silvia D\u00edaz.<\/p>\n\n\n\n<p>La seremi de la cartera, Ver\u00f3nica Vallejos, indic\u00f3 que \u00abcomo equipo estamos muy contentos de que las familias, y comunidad en general, hayan aceptado la invitaci\u00f3n que les hicimos para celebrar la ciencia en este FECI 2022, para conocer lo que las instituciones que generan conocimiento de la regi\u00f3n est\u00e1n desarrollando, aprender de ellas, y apropiarse de ese conocimiento, adem\u00e1s de vincularse con su entorno directo, limpiando las playas del estrecho y realizando actividad f\u00edsica. Quiero aprovechar de agradecer a todas las instituciones que colaboraron, la Delegaci\u00f3n Presidencial Regional, seremis de Medio Ambiente y Deporte, CADI-UMAG, Santo Tom\u00e1s, Centro Bah\u00eda Lomas, Resister, INACH, IFOP, CFT Magallanes, PAR Explora, Municipalidad de Punta Arenas y a la Coalici\u00f3n de J\u00f3venes Ant\u00e1rticos\u201d.<\/p>\n\n\n\n<p>Medioambiente tambi\u00e9n fue parte del Primer Plogging de Magallanes. Respecto a la actividad la seremi Daniela Droguett indic\u00f3 que \u201cHoy -domingo 2 de octubre- adem\u00e1s del D\u00eda de la Ciencia estamos celebrando el D\u00eda del Medio Ambiente, que se celebra a nivel nacional, es el d\u00eda en que se inici\u00f3 el Ministerio del Medio Ambiente as\u00ed que nos sumamos a esta actividad que tiene esta mezcla de carteras que fomenta nuestro gobierno, donde se une la ciencia, el medioambiente, el deporte y la ciudadan\u00eda. Los residuos en el borde costero representan un impacto en nuestra flora y fauna. Hemos encontrado residuos incluso en \u00c1reas Marinas Protegidas, por ello nos interesa generar conciencia en la comunidad\u201d.<\/p>\n\n\n\n<p>Entre el 2 y el 9 de octubre, todo Chile se unir\u00e1 en torno al tema \u201cRegeneraci\u00f3n y cambio clim\u00e1tico: Agua\u201d, propuesto por el programa Ciencia P\u00fablica de la Divisi\u00f3n Ciencia y Sociedad del MinCiencia, para informar sobre las vulnerabilidades del pa\u00eds frente a esta problem\u00e1tica , tomando en cuenta las particularidades regionales y territoriales; poniendo en valor el patrimonio h\u00eddrico; la reconexi\u00f3n con la naturaleza, los ecosistemas, la investigaci\u00f3n cient\u00edfica y la difusi\u00f3n de estrategias y pr\u00e1cticas culturales para enfrentar la crisis medioambiental y la escasez h\u00eddrica. La programaci\u00f3n del FECI 2022 est\u00e1 disponible en&nbsp;<a href=\"http:\/\/www.festivaldelasciencias.cl\/\" target=\"_blank\" rel=\"noreferrer noopener\">www.festivaldelasciencias.cl<\/a>.<\/p>\n","protected":false},"excerpt":{"rendered":"<p>Luego de un conversatorio y un mapping en el emblem\u00e1tico edificio de la Cruz Roja de Chile en Punta Arenas, la ministra de Ciencia, Tecnolog\u00eda, Conocimiento e Innovaci\u00f3n, Silvia D\u00edaz&#8230; <a class=\"read-more\" href=\"https:\/\/www.radiopresidenteibanez.cl\/web\/desde-punta-arenas-ministra-diaz-inauguro-la-version-2022-del-festival-de-las-ciencias\/\">Leer m\u00e1s<\/a><\/p>\n","protected":false},"author":2,"featured_media":33168,"comment_status":"closed","ping_status":"closed","sticky":false,"template":"","format":"standard","meta":{"footnotes":""},"categories":[1],"tags":[],"class_list":["post-33166","post","type-post","status-publish","format-standard","has-post-thumbnail","hentry","category-cronica"],"_links":{"self":[{"href":"https:\/\/www.radiopresidenteibanez.cl\/web\/wp-json\/wp\/v2\/posts\/33166","targetHints":{"allow":["GET"]}}],"collection":[{"href":"https:\/\/www.radiopresidenteibanez.cl\/web\/wp-json\/wp\/v2\/posts"}],"about":[{"href":"https:\/\/www.radiopresidenteibanez.cl\/web\/wp-json\/wp\/v2\/types\/post"}],"author":[{"embeddable":true,"href":"https:\/\/www.radiopresidenteibanez.cl\/web\/wp-json\/wp\/v2\/users\/2"}],"replies":[{"embeddable":true,"href":"https:\/\/www.radiopresidenteibanez.cl\/web\/wp-json\/wp\/v2\/comments?post=33166"}],"version-history":[{"count":0,"href":"https:\/\/www.radiopresidenteibanez.cl\/web\/wp-json\/wp\/v2\/posts\/33166\/revisions"}],"wp:featuredmedia":[{"embeddable":true,"href":"https:\/\/www.radiopresidenteibanez.cl\/web\/wp-json\/wp\/v2\/media\/33168"}],"wp:attachment":[{"href":"https:\/\/www.radiopresidenteibanez.cl\/web\/wp-json\/wp\/v2\/media?parent=33166"}],"wp:term":[{"taxonomy":"category","embeddable":true,"href":"https:\/\/www.radiopresidenteibanez.cl\/web\/wp-json\/wp\/v2\/categories?post=33166"},{"taxonomy":"post_tag","embeddable":true,"href":"https:\/\/www.radiopresidenteibanez.cl\/web\/wp-json\/wp\/v2\/tags?post=33166"}],"curies":[{"name":"wp","href":"https:\/\/api.w.org\/{rel}","templated":true}]}}