{"id":33163,"date":"2022-10-04T11:19:00","date_gmt":"2022-10-04T14:19:00","guid":{"rendered":"https:\/\/www.radiopresidenteibanez.cl\/web\/?p=33163"},"modified":"2022-10-04T09:35:04","modified_gmt":"2022-10-04T12:35:04","slug":"estudiantes-de-la-umag-colaboran-en-inedito-proyecto-escolar-para-prevenir-accidentes-cerebro-vasculares","status":"publish","type":"post","link":"https:\/\/www.radiopresidenteibanez.cl\/web\/estudiantes-de-la-umag-colaboran-en-inedito-proyecto-escolar-para-prevenir-accidentes-cerebro-vasculares\/","title":{"rendered":"ESTUDIANTES DE LA UMAG COLABORAN EN INEDITO PROYECTO ESCOLAR PARA PREVENIR ACCIDENTES CEREBRO VASCULARES"},"content":{"rendered":"\n<p>El proyecto intersectorial \u201cAct\u00edvate, Cu\u00eddate y Vive ACV, Promoci\u00f3n de la Salud\u201d ha seguido avanzando con el objetivo de reforzar la promoci\u00f3n y factores protectores para la prevenci\u00f3n de Accidentes Cerebro Vasculares (ACV), en un trabajo que se imparte por primera vez a nivel escolar en Magallanes, el cual est\u00e1 destinado a un total de 160 alumnos de tercero y cuarto medio del Liceo Experimental UMAG y Liceo Sara Braun.<\/p>\n\n\n\n<p>Este proyecto se est\u00e1 desarrollando desde agosto luego de pactar un trabajo en conjunto entre la Seremi de Salud Magallanes, la Universidad de Magallanes (UMAG) y el Hospital Cl\u00ednico Magallanes (HCM) a trav\u00e9s de su Unidad de Neurolog\u00eda. La iniciativa, que es liderada por el neur\u00f3logo Dr. Javier Gaete, considera talleres, clases presenciales y v\u00eda Zoom que est\u00e1n siendo preparadas por docentes, alumnos y alumnas de la UMAG, funcionarios de la Seremi de la Salud y equipo de Neurolog\u00eda Cerebro Vascular del HCM.<\/p>\n\n\n\n<p>Son variados m\u00f3dulos que se est\u00e1n llevando a cabo por parte de docentes en las carreras de Enfermer\u00eda, a cargo de Marisol Poppovich y B\u00e1rbara Schulz, ambas de la carrera de Enfermer\u00eda de la UMAG; Actividad F\u00edsica, a cargo de la docente responsable Solange Etcheverry, acad\u00e9mica del Departamento de Educaci\u00f3n y Humanidades y docente de Pedagog\u00eda en Educaci\u00f3n F\u00edsica para Ense\u00f1anza B\u00e1sica y Media de la UMAG; y Nutrici\u00f3n y Diet\u00e9tica, a cargo de las y los acad\u00e9micos Paola Aravena, Macarena Hern\u00e1ndez y \u00d3scar Olavarr\u00eda. Adem\u00e1s de Salud Mental, que lo llevan adelante Maribel Bustos, Diego B\u00f3rquez y Carolina Ulloa de la Seremi de Salud.<\/p>\n\n\n\n<p>\u201cMe encuentro con estudiantes de cuarto a\u00f1o de la carrera de Enfermer\u00eda de la asignatura de Gesti\u00f3n de Cuidados del Adulto en Situaciones Cr\u00edticas y de Urgencia. Nos toc\u00f3 directamente trabajar tres factores de riesgo que los estudiantes de los establecimientos educacionales van a poder identificar y conocer por qu\u00e9 una persona con diabetes mellitus, hipertensi\u00f3n arterial o con colesterol elevado puede llegar a esta condicionante\u201d, indic\u00f3 la acad\u00e9mica Marisol Poppovich.<\/p>\n\n\n\n<p>En tanto, Alejandra Fern\u00e1ndez, kinesi\u00f3loga de la carrera y docente de pr\u00e1ctica cl\u00ednica del CADI UMAG, expres\u00f3 que \u201cjunto al doctor (Javier) Gaete estamos desarrollando actividades en el \u00e1rea de neurokinesiolog\u00eda, en este semestre, con los estudiantes de cuarto a\u00f1o. Nuestra actividad consiste en generar promotores de salud que sepan de accidentes vasculares; y nuestro rol es que ellos reconozcan las \u00e1reas del cerebro, partes del coraz\u00f3n, junto al ACV y los factores de riesgo, introduci\u00e9ndolos al tema\u201d.<\/p>\n\n\n\n<p>La metodolog\u00eda de trabajo es a trav\u00e9s de ciclos de intervenciones de capacitaci\u00f3n en los m\u00f3dulos definidos por cada especialidad y cuyo objetivo final es entregar las herramientas educativas e informativas a los estudiantes sobre c\u00f3mo reconocer un evento de ACV y c\u00f3mo prevenir a trav\u00e9s de la promoci\u00f3n de la salud y los factores protectores sociales un evento de este tipo. Para lo anterior, los docentes han sido apoyados en todo momento por estudiantes de cuarto a\u00f1o de las diferentes disciplinas.<\/p>\n\n\n\n<p>\u201cSe nos invit\u00f3 a ser parte de este proyecto para educar a los estudiantes de ense\u00f1anza media acerca de los ACV y sus diferentes causas. En el caso de nosotros, nos toc\u00f3 ense\u00f1arles las patolog\u00edas desde una forma b\u00e1sica para que sepan c\u00f3mo se puede evitar tenerlas con un h\u00e1bito de vida saludable, tales son los casos de la hipertensi\u00f3n arterial y la diabetes mellitus tipo 2\u201d, afirm\u00f3 Catalinda Galindo, estudiante de cuarto a\u00f1o de Enfermer\u00eda de la UMAG.&nbsp;<\/p>\n\n\n\n<p>Mientras que, Claudia Varas, estudiante de quinto a\u00f1o de Nutrici\u00f3n y Diet\u00e9tica, detall\u00f3 que \u201cvamos todos los lunes, y a veces los martes, a hacer nuestras exposiciones, mostrar en qu\u00e9 consisten los accidentes cerebrovasculares y qu\u00e9 relaci\u00f3n tienen con los alimentos que tienen los sellos con los etiquetados nutricionales. Luego de eso hacemos una actividad donde a los alumnos les entregamos los alimentos con los sellos tapados y tienen que analizar el etiquetado nutricional y saber si tienen o no este sello\u201d.<\/p>\n\n\n\n<p><strong>Estudiantes del Liceo Experimental UMAG<\/strong><\/p>\n\n\n\n<p>Como actividad final, el pr\u00f3ximo 28 de octubre se realizar\u00e1 un Congreso Escolar en el Auditorio Ernesto Livacic de la Universidad de Magallanes donde los estudiantes ser\u00e1n protagonistas exponiendo ante la comunidad los conocimientos adquiridos sobre los principales riesgos y los diferentes tipos de ACV (isqu\u00e9micos y hemorr\u00e1gicos), enfatizando en el reconocimiento de los s\u00edntomas t\u00edpicos de la enfermedad.<\/p>\n\n\n\n<p>Acerca de estas clases de preparaci\u00f3n para dicha instancia, Sof\u00eda Higueras, estudiante de cuarto medio del Liceo Experimental UMAG, coment\u00f3 que \u201cpor lo que llevamos me ha parecido bastante entretenido porque en cada m\u00f3dulo vamos aprendiendo sobre el ACV desde distintos puntos de vista, por ejemplo, en Educaci\u00f3n F\u00edsica hemos visto algunas recomendaciones como ejercicios y actividades diarias o recreativas que se pueden hacer para la prevenci\u00f3n de los accidentes cerebrovasculares\u201d.<\/p>\n\n\n\n<p>En tanto, Amara D\u00edaz, del mismo curso y establecimiento, se\u00f1al\u00f3 que \u201cpersonalmente he estado en dos m\u00f3dulos, Actividad f\u00edsica y Nutrici\u00f3n y Diet\u00e9tica, los cuales me han servido para saber los beneficios para prevenir los accidentes cerebrovasculares. Tambi\u00e9n lo importante que es tener una buena alimentaci\u00f3n y estar en constante movimiento; creo que todos tenemos un familiar que puede estar en riesgo o nosotros mismos podamos estar cursando un ACV sin saberlo\u201d.&nbsp;<\/p>\n","protected":false},"excerpt":{"rendered":"<p>El proyecto intersectorial \u201cAct\u00edvate, Cu\u00eddate y Vive ACV, Promoci\u00f3n de la Salud\u201d ha seguido avanzando con el objetivo de reforzar la promoci\u00f3n y factores protectores para la prevenci\u00f3n de Accidentes&#8230; <a class=\"read-more\" href=\"https:\/\/www.radiopresidenteibanez.cl\/web\/estudiantes-de-la-umag-colaboran-en-inedito-proyecto-escolar-para-prevenir-accidentes-cerebro-vasculares\/\">Leer m\u00e1s<\/a><\/p>\n","protected":false},"author":2,"featured_media":33164,"comment_status":"closed","ping_status":"closed","sticky":false,"template":"","format":"standard","meta":{"footnotes":""},"categories":[1],"tags":[],"class_list":["post-33163","post","type-post","status-publish","format-standard","has-post-thumbnail","hentry","category-cronica"],"_links":{"self":[{"href":"https:\/\/www.radiopresidenteibanez.cl\/web\/wp-json\/wp\/v2\/posts\/33163","targetHints":{"allow":["GET"]}}],"collection":[{"href":"https:\/\/www.radiopresidenteibanez.cl\/web\/wp-json\/wp\/v2\/posts"}],"about":[{"href":"https:\/\/www.radiopresidenteibanez.cl\/web\/wp-json\/wp\/v2\/types\/post"}],"author":[{"embeddable":true,"href":"https:\/\/www.radiopresidenteibanez.cl\/web\/wp-json\/wp\/v2\/users\/2"}],"replies":[{"embeddable":true,"href":"https:\/\/www.radiopresidenteibanez.cl\/web\/wp-json\/wp\/v2\/comments?post=33163"}],"version-history":[{"count":0,"href":"https:\/\/www.radiopresidenteibanez.cl\/web\/wp-json\/wp\/v2\/posts\/33163\/revisions"}],"wp:featuredmedia":[{"embeddable":true,"href":"https:\/\/www.radiopresidenteibanez.cl\/web\/wp-json\/wp\/v2\/media\/33164"}],"wp:attachment":[{"href":"https:\/\/www.radiopresidenteibanez.cl\/web\/wp-json\/wp\/v2\/media?parent=33163"}],"wp:term":[{"taxonomy":"category","embeddable":true,"href":"https:\/\/www.radiopresidenteibanez.cl\/web\/wp-json\/wp\/v2\/categories?post=33163"},{"taxonomy":"post_tag","embeddable":true,"href":"https:\/\/www.radiopresidenteibanez.cl\/web\/wp-json\/wp\/v2\/tags?post=33163"}],"curies":[{"name":"wp","href":"https:\/\/api.w.org\/{rel}","templated":true}]}}