{"id":33157,"date":"2022-10-04T09:19:00","date_gmt":"2022-10-04T12:19:00","guid":{"rendered":"https:\/\/www.radiopresidenteibanez.cl\/web\/?p=33157"},"modified":"2022-10-04T09:02:39","modified_gmt":"2022-10-04T12:02:39","slug":"con-mas-de-15-mil-kilos-agricultura-finaliza-temporada-de-entrega-de-papas-de-consumo-a-organizaciones-sociales","status":"publish","type":"post","link":"https:\/\/www.radiopresidenteibanez.cl\/web\/con-mas-de-15-mil-kilos-agricultura-finaliza-temporada-de-entrega-de-papas-de-consumo-a-organizaciones-sociales\/","title":{"rendered":"CON M\u00c1S DE 15 MIL KILOS AGRICULTURA FINALIZA TEMPORADA DE ENTREGA DE PAPAS DE CONSUMO A ORGANIZACIONES SOCIALES"},"content":{"rendered":"\n<p>Hoy los servicios del agro encabezados por la Seremi de Agricultura finaliz\u00f3 la entrega de papas de consumo con 2.641 kilos gracias al proyecto que ejecuta Inia Kampenaike con financiamiento del gobierno regional, las cuales fueron distribuidas a tres organizaciones comunitarias: Junta de vecinos Nelda Panicucci, Oratorio Jacinto Bocco y el Hogar de Cristo, complet\u00e1ndose &nbsp;la entrega de un total de 15 mil kilos de papas que beneficiaron a distintas familias de la regi\u00f3n durante la presente temporada, quedando un remanente de 200 kilos para ser donadas en el marco de las 35\u00b0 jornadas por la rehabilitaci\u00f3n en Magallanes.<\/p>\n\n\n\n<p>La entrega de m\u00e1s de cien sacos de papas fue posible al despliegue que realizaron los servicios dependientes de la Secretar\u00eda Regional Ministerial de Agricultura: INDAP, SAG, CONAF y el mismo INIA, para distribuirlos en cada organizaci\u00f3n; inici\u00e1ndose la entrega en la Poblaci\u00f3n Nelda Panicucci donde ser\u00e1n directamente beneficiadas entre &nbsp;40 a 50&nbsp; familias, seg\u00fan lo expres\u00f3 la directora de la junta vecinal N\u00b050 del sector, Lidia Vera, junto con &nbsp;sus agradecimientos para&nbsp; INIA al &nbsp;recibir &nbsp;780 kilos de papas. En tanto, Tatiana Leuqu\u00e9n, Presidenta de la agrupaci\u00f3n Oratorio Jacinto Bocco manifest\u00f3 que los 780 kilos de papas ser\u00e1n parte de los 60 almuerzos que entregan los s\u00e1bados y otras papas ser\u00e1n repartidas entre 30 familias integrantes del oratorio. Finalmente, el Hogar de Cristo recibi\u00f3 un total de 1.081 kilos para el servicio de almuerzos que brinda a los residentes del albergue, quedando un residuo de 200 kilos que ser\u00e1n entregados como donaci\u00f3n para las jornadas de rehabilitaci\u00f3n magall\u00e1nicas.<\/p>\n\n\n\n<p>Por su parte la investigadora de INIA, Carolla Mart\u00ednez a cargo del programa se papas semillas se refiri\u00f3 al trabajo que se encuentran desarrollando con miras a la pr\u00f3xima temporada productiva, \u201ca fines del mes de septiembre fueron enviados 2.150 kilos de papas semilla certificadas para beneficiar a 30 peque\u00f1os productores de Puerto Williams. En tanto, en Porvenir fueron entregados 4.530 kilos de papas semilla a 33 agricultores y en ambos casos, est\u00e1n siendo distribuidas a trav\u00e9s de los programas de desarrollo local, Prodesal, resultado de un convenio entre INDAP con los municipios, a mediados del presente mes de octubre, ser\u00e1n distribuidas en Puerto Natales y Punta Arenas. De esta forma se concretar\u00eda la entrega de 60.000 kilos de papas semilla a m\u00e1s de 300 agricultores en toda la regi\u00f3n\u201d, cuya producci\u00f3n ser\u00e1 parte de las papas que consumir\u00e1n los magall\u00e1nicos el pr\u00f3ximo a\u00f1o.<\/p>\n\n\n\n<p>Para finalizar,&nbsp; la Seremi&nbsp; de Agricultura, Irene Ram\u00edrez M\u00e9rida manifest\u00f3 que \u201cuno de los principales lineamientos del programa de gobierno del Presidente Boric es la soberan\u00eda y seguridad alimentaria, &nbsp;en concordancia con lo anterior, es que a nivel regional &nbsp;INIA Kampenaike del ministerio de agricultura, ha desarrollado el programa de papas semillas con fondos del gobierno regional, lo que ha permitido crear un semillero regional &nbsp;de papas&nbsp; certificadas que nos asegura una papa de calidad con buenos rendimiento productivos \u201d.<\/p>\n","protected":false},"excerpt":{"rendered":"<p>Hoy los servicios del agro encabezados por la Seremi de Agricultura finaliz\u00f3 la entrega de papas de consumo con 2.641 kilos gracias al proyecto que ejecuta Inia Kampenaike con financiamiento&#8230; <a class=\"read-more\" href=\"https:\/\/www.radiopresidenteibanez.cl\/web\/con-mas-de-15-mil-kilos-agricultura-finaliza-temporada-de-entrega-de-papas-de-consumo-a-organizaciones-sociales\/\">Leer m\u00e1s<\/a><\/p>\n","protected":false},"author":2,"featured_media":33158,"comment_status":"closed","ping_status":"closed","sticky":false,"template":"","format":"standard","meta":{"footnotes":""},"categories":[1],"tags":[],"class_list":["post-33157","post","type-post","status-publish","format-standard","has-post-thumbnail","hentry","category-cronica"],"_links":{"self":[{"href":"https:\/\/www.radiopresidenteibanez.cl\/web\/wp-json\/wp\/v2\/posts\/33157","targetHints":{"allow":["GET"]}}],"collection":[{"href":"https:\/\/www.radiopresidenteibanez.cl\/web\/wp-json\/wp\/v2\/posts"}],"about":[{"href":"https:\/\/www.radiopresidenteibanez.cl\/web\/wp-json\/wp\/v2\/types\/post"}],"author":[{"embeddable":true,"href":"https:\/\/www.radiopresidenteibanez.cl\/web\/wp-json\/wp\/v2\/users\/2"}],"replies":[{"embeddable":true,"href":"https:\/\/www.radiopresidenteibanez.cl\/web\/wp-json\/wp\/v2\/comments?post=33157"}],"version-history":[{"count":0,"href":"https:\/\/www.radiopresidenteibanez.cl\/web\/wp-json\/wp\/v2\/posts\/33157\/revisions"}],"wp:featuredmedia":[{"embeddable":true,"href":"https:\/\/www.radiopresidenteibanez.cl\/web\/wp-json\/wp\/v2\/media\/33158"}],"wp:attachment":[{"href":"https:\/\/www.radiopresidenteibanez.cl\/web\/wp-json\/wp\/v2\/media?parent=33157"}],"wp:term":[{"taxonomy":"category","embeddable":true,"href":"https:\/\/www.radiopresidenteibanez.cl\/web\/wp-json\/wp\/v2\/categories?post=33157"},{"taxonomy":"post_tag","embeddable":true,"href":"https:\/\/www.radiopresidenteibanez.cl\/web\/wp-json\/wp\/v2\/tags?post=33157"}],"curies":[{"name":"wp","href":"https:\/\/api.w.org\/{rel}","templated":true}]}}