{"id":33154,"date":"2022-10-04T08:25:44","date_gmt":"2022-10-04T11:25:44","guid":{"rendered":"https:\/\/www.radiopresidenteibanez.cl\/web\/?p=33154"},"modified":"2022-10-04T08:25:53","modified_gmt":"2022-10-04T11:25:53","slug":"seremis-de-educacion-y-salud-acompanaron-a-las-y-los-estudiantes-de-la-escuela-espana-en-el-cambio-de-protocolo-sanitario","status":"publish","type":"post","link":"https:\/\/www.radiopresidenteibanez.cl\/web\/seremis-de-educacion-y-salud-acompanaron-a-las-y-los-estudiantes-de-la-escuela-espana-en-el-cambio-de-protocolo-sanitario\/","title":{"rendered":"Seremis de Educaci\u00f3n y Salud acompa\u00f1aron a las y los estudiantes de la Escuela Espa\u00f1a en el cambio de protocolo sanitario"},"content":{"rendered":"\n<p>&nbsp;A las 07:50 de la ma\u00f1ana de hoy el seremi de Educaci\u00f3n Valent\u00edn Aguilera G\u00f3mez junto a la seremi de Salud Francisca Sanfuentes visitaron la Escuela Espa\u00f1a para compartir con las ni\u00f1as, ni\u00f1os, docentes y asistentes de la educaci\u00f3n de dicho establecimiento el cambio de protocolo sanitario, que les permite dejar de usar las mascarillas.<\/p>\n\n\n\n<p>Junto a la directora del colegio Bernardita Hurtado fueron saludando en la entrada a las y los estudiantes, que aceleraban el paso a medida que el reloj se acercaba a las 08:00 horas. Posteriormente, las autoridades se dirigieron a un curso de segundo b\u00e1sico donde interactuaron con la profesora y las y los alumnos quienes contaron lo felices que estaban de poder ver el rostro de sus compa\u00f1eras y compa\u00f1eros, ya que en estos m\u00e1s de dos a\u00f1os solo compartieron de manera virtual o con los barbijos puestos.<\/p>\n\n\n\n<p>\u201cPara nosotros como Ministerio de Educaci\u00f3n es muy importante este reencuentro, de mirarnos, observar nuestra sonrisa, nuestra expresi\u00f3n facial, tambi\u00e9n escucharnos mejor. Las mascarillas fueron una medida de prevenci\u00f3n clave que permiti\u00f3 contener la pandemia. Sin embargo, los escenarios sanitarios son din\u00e1micos y &nbsp;gracias a los buenos indicadores reportados por el Ministerio de Salud podemos flexibilizar su uso.<\/p>\n\n\n\n<p>Queremos recordarles a las comunidades que a partir de hoy ya no ser\u00e1 obligatorio el uso de las mascarillas al interior de las salas de clases, en ning\u00fan nivel, ni en ninguna modalidad del sistema educativo. Este elemento de protecci\u00f3n pasa a ser de uso voluntario, al igual que en el transporte escolar. Nadie puede obligar a ocupar mascarillas ni tampoco a sac\u00e1rselas. Hay algunos estudiantes que han decidido o por indicaci\u00f3n de sus familias seguir utilizando mascarillas, eso igual est\u00e1 bien, por lo tanto vemos que esta medida se est\u00e1 aplicando de buena manera\u201d.<\/p>\n\n\n\n<p>Por su parte, la Seremi de Salud de Magallanes, Francisca Sanfuentes, con relaci\u00f3n al inicio de las nuevas medidas sanitarias Covid-19 en que no es obligatorio el uso de mascarilla en establecimientos educacionales, explic\u00f3 que \u201clo que podemos observar es que todos los equipos docentes y estudiantes est\u00e1n muy conscientes y mantienen las otras medidas de prevenci\u00f3n que podemos continuar implementando en nuestra vida diaria y que son parte del aprendizaje de estos dos \u00faltimos a\u00f1os, manteniendo el lavado frecuente de manos y la ventilaci\u00f3n de los espacios, y eso es muy bueno.<\/p>\n\n\n\n<p>Esta situaci\u00f3n la podemos tener por las favorables condiciones epidemiol\u00f3gicas y porque como comunidad hemos aprendido a adoptar las medidas de autocuidado, adem\u00e1s de tener altas tasas de vacunaci\u00f3n, lo que significa una protecci\u00f3n importante para los estudiantes. De todas maneras, los equipos de la Seremi de Salud contin\u00faan el contacto cercano con las comunidades educativas, equipos docentes y directivos, de manera de ir acompa\u00f1\u00e1ndolos en el caso que se presenten situaciones o se requiera hacer el estudio y tomar las medidas en caso de brote\u201d.<\/p>\n\n\n\n<p>Finalmente la directora de la Escuela Espa\u00f1a, Bernardita Hurtado afirm\u00f3: \u201cHoy d\u00eda iniciamos una nueva etapa, que permite a los estudiantes desarrollar nuevas habilidades, favoreciendo el desarrollo cognitivo, socioemocional y afectivo, estamos muy contentos. Ahora debemos acostumbrarnos al no uso de las mascarillas. Tenemos implementadas todas las medidas de seguridad, de prevenci\u00f3n que ten\u00edamos en tiempo de pandemia, al ingreso se les aplica alcohol gel, en la entrada est\u00e1n a disposici\u00f3n mascarillas para el que quiera utilizarlas, no vamos a descuidarnos, para que est\u00e9n tranquilos nuestros apoderados. Seguiremos implementando las medidas que corresponden para trabajar con normalidad\u201d.<\/p>\n\n\n\n<p>Cabe destacar que como se alcanz\u00f3 el 80% de cobertura de vacunaci\u00f3n en los estudiantes a nivel nacional, se elimin\u00f3 tambi\u00e9n la restricci\u00f3n de aforos en todos los espacios de los establecimientos educacionales, propiciando el distanciamiento en las actividades cotidianas cuando sea posible. Estas medidas han permitido avanzar hacia una presencialidad m\u00e1s plena, reconociendo el valor irremplazable de la interacci\u00f3n pedag\u00f3gica in situ, tanto para el bienestar como para el aprendizaje.<\/p>\n","protected":false},"excerpt":{"rendered":"<p>&nbsp;A las 07:50 de la ma\u00f1ana de hoy el seremi de Educaci\u00f3n Valent\u00edn Aguilera G\u00f3mez junto a la seremi de Salud Francisca Sanfuentes visitaron la Escuela Espa\u00f1a para compartir con&#8230; <a class=\"read-more\" href=\"https:\/\/www.radiopresidenteibanez.cl\/web\/seremis-de-educacion-y-salud-acompanaron-a-las-y-los-estudiantes-de-la-escuela-espana-en-el-cambio-de-protocolo-sanitario\/\">Leer m\u00e1s<\/a><\/p>\n","protected":false},"author":2,"featured_media":33155,"comment_status":"closed","ping_status":"closed","sticky":false,"template":"","format":"standard","meta":{"footnotes":""},"categories":[1],"tags":[],"class_list":["post-33154","post","type-post","status-publish","format-standard","has-post-thumbnail","hentry","category-cronica"],"_links":{"self":[{"href":"https:\/\/www.radiopresidenteibanez.cl\/web\/wp-json\/wp\/v2\/posts\/33154","targetHints":{"allow":["GET"]}}],"collection":[{"href":"https:\/\/www.radiopresidenteibanez.cl\/web\/wp-json\/wp\/v2\/posts"}],"about":[{"href":"https:\/\/www.radiopresidenteibanez.cl\/web\/wp-json\/wp\/v2\/types\/post"}],"author":[{"embeddable":true,"href":"https:\/\/www.radiopresidenteibanez.cl\/web\/wp-json\/wp\/v2\/users\/2"}],"replies":[{"embeddable":true,"href":"https:\/\/www.radiopresidenteibanez.cl\/web\/wp-json\/wp\/v2\/comments?post=33154"}],"version-history":[{"count":0,"href":"https:\/\/www.radiopresidenteibanez.cl\/web\/wp-json\/wp\/v2\/posts\/33154\/revisions"}],"wp:featuredmedia":[{"embeddable":true,"href":"https:\/\/www.radiopresidenteibanez.cl\/web\/wp-json\/wp\/v2\/media\/33155"}],"wp:attachment":[{"href":"https:\/\/www.radiopresidenteibanez.cl\/web\/wp-json\/wp\/v2\/media?parent=33154"}],"wp:term":[{"taxonomy":"category","embeddable":true,"href":"https:\/\/www.radiopresidenteibanez.cl\/web\/wp-json\/wp\/v2\/categories?post=33154"},{"taxonomy":"post_tag","embeddable":true,"href":"https:\/\/www.radiopresidenteibanez.cl\/web\/wp-json\/wp\/v2\/tags?post=33154"}],"curies":[{"name":"wp","href":"https:\/\/api.w.org\/{rel}","templated":true}]}}