{"id":33145,"date":"2022-10-03T17:03:00","date_gmt":"2022-10-03T20:03:00","guid":{"rendered":"https:\/\/www.radiopresidenteibanez.cl\/web\/?p=33145"},"modified":"2022-10-03T15:57:35","modified_gmt":"2022-10-03T18:57:35","slug":"artistas-migrantes-exhibieron-proyectos-que-desarrollan-en-magallanes","status":"publish","type":"post","link":"https:\/\/www.radiopresidenteibanez.cl\/web\/artistas-migrantes-exhibieron-proyectos-que-desarrollan-en-magallanes\/","title":{"rendered":"Artistas Migrantes exhibieron proyectos que desarrollan en Magallanes"},"content":{"rendered":"\n<p>Trece artistas y cultores de Latinoam\u00e9rica, residentes en la regi\u00f3n de Magallanes, exhibieron sus proyectos creativos durante la realizaci\u00f3n de la primera Muestra de Artistas Migrantes.<\/p>\n\n\n\n<p>El evento, que se efectu\u00f3 el reciente s\u00e1bado en el Centro Cultural Claudio Paredes Chamorro de Punta Arenas, se transform\u00f3 en un espacio de convivencia a trav\u00e9s de las artes visuales, gastronom\u00eda, m\u00fasica y teatro.<\/p>\n\n\n\n<p>\u201cGenial que se genere esta clase de pr\u00e1cticas, que integran a la poblaci\u00f3n migrante. Y aparte permite que el migrante entregue algo. Es hermoso haber podido entregar, por mi parte, algo de m\u00fasica y los dem\u00e1s compa\u00f1eros algo de expresiones esc\u00e9nicas, baile y teatro, generar una sonrisa en las personas, generar alegr\u00eda y nutrir. Al final, de eso se trata, de conectarnos como seres humanos\u201d, coment\u00f3 el cantante colombiano e integrante de la banda MigrArte de Puerto Natales, Fabi\u00e1n Ram\u00edrez.<\/p>\n\n\n\n<p>La Muestra de Artistas Migrantes 2022, que se desarroll\u00f3 con la sala de artes esc\u00e9nicas pr\u00e1cticamente a plena capacidad, puso fin al proceso de formaci\u00f3n e intercambio de experiencias creativas desarrolladas con ciudadanas y ciudadanos de las comunas de Torres del Paine, Natales, San Gregorio, Punta Arenas y Laguna Blanca.<\/p>\n\n\n\n<p>\u201cFue un cierre muy exitoso dada la convocatoria que tuvimos en esta jornada. Esto es un espaldarazo, por supuesto, para los artistas procedentes de distintas partes de Latinoam\u00e9rica, que han estado trabajando con nosotros durante todo este a\u00f1o, recorriendo las comunas de la regi\u00f3n de Magallanes, compartiendo sus saberes o conocimientos, de forma muy solidaria y generando v\u00ednculos en procesos y momentos hist\u00f3ricos. La migraci\u00f3n es un fen\u00f3meno que nos afecta a todos y a todas, y es la responsabilidad que tenemos como gobierno de poder contribuir a que este proceso migratorio sea lo m\u00e1s amigable posible, tanto para nosotros que recibimos, como para ellos que vienen llegando a la regi\u00f3n\u201d, valor\u00f3 el Seremi de las Culturas, Diego Garc\u00eda, quien asisti\u00f3 al evento junto a sus pares de Justicia y Derechos Humanos, <em>Michelle Peutat<\/em>; Mujer y Equidad de G\u00e9nero, Alejandra Ru\u00edz, y de Educaci\u00f3n, Valent\u00edn Aguilera.<\/p>\n\n\n\n<p>La \u201cMuestra colectiva de Artistas Migrantes 2022\u201d, que cont\u00f3 con la colaboraci\u00f3n del Centro Cultural Claudio Paredes Chamorro y el liceo Sara Braun, incluy\u00f3 las exposiciones \u201cTaller de Fotograf\u00eda de Naturaleza\u201d, de Felipe Arruda (de Brasil); \u201cRevive la pintura abstracta en la regi\u00f3n\u201d y \u201cTarjetas postales de calles de Punta Arenas de anta\u00f1o en invierno\u201d, del artista visual Pedro Villanueva (Cuba). La cultora Ang\u00e9lica Florez (Colombia) exhibi\u00f3 preparaciones gastron\u00f3micas bajo el t\u00edtulo \u201cSabores de mi tierra\u201d.<\/p>\n\n\n\n<p>La iniciativa consider\u00f3 adem\u00e1s la m\u00fasica urbana de Josedan Guetto Show (Brasil) y las interpretaciones del grupo MigrArte Natales, compuesto por Nicole Vargas (Venezuela), Mauricio Mesa (Colombia) y Fabi\u00e1n Ram\u00edrez (Colombia). Mientras que Betsy C\u00e1rdenas (Per\u00fa), acompa\u00f1ada del magall\u00e1nico Jaime Alvarado, present\u00f3 un cuadro de danza folcl\u00f3rica.<\/p>\n\n\n\n<p>El cierre de la jornada estuvo a cargo del montaje teatral \u201cR\u00e9quiem para una se\u00f1al\u201d, obra de creaci\u00f3n colectiva y representado por Indira Jim\u00e9nez, Tamanaca (Lis Contreras), Ania Santana, Mariano Santana, Yasm\u00edn Aburto, Lenin Arvelo y Alonso Santana, todos venezolanos que compartieron escenario con el actor magall\u00e1nico invitado, V\u00edctor Aguilar.<\/p>\n","protected":false},"excerpt":{"rendered":"<p>Trece artistas y cultores de Latinoam\u00e9rica, residentes en la regi\u00f3n de Magallanes, exhibieron sus proyectos creativos durante la realizaci\u00f3n de la primera Muestra de Artistas Migrantes. El evento, que se&#8230; <a class=\"read-more\" href=\"https:\/\/www.radiopresidenteibanez.cl\/web\/artistas-migrantes-exhibieron-proyectos-que-desarrollan-en-magallanes\/\">Leer m\u00e1s<\/a><\/p>\n","protected":false},"author":2,"featured_media":33146,"comment_status":"closed","ping_status":"closed","sticky":false,"template":"","format":"standard","meta":{"footnotes":""},"categories":[1],"tags":[],"class_list":["post-33145","post","type-post","status-publish","format-standard","has-post-thumbnail","hentry","category-cronica"],"_links":{"self":[{"href":"https:\/\/www.radiopresidenteibanez.cl\/web\/wp-json\/wp\/v2\/posts\/33145","targetHints":{"allow":["GET"]}}],"collection":[{"href":"https:\/\/www.radiopresidenteibanez.cl\/web\/wp-json\/wp\/v2\/posts"}],"about":[{"href":"https:\/\/www.radiopresidenteibanez.cl\/web\/wp-json\/wp\/v2\/types\/post"}],"author":[{"embeddable":true,"href":"https:\/\/www.radiopresidenteibanez.cl\/web\/wp-json\/wp\/v2\/users\/2"}],"replies":[{"embeddable":true,"href":"https:\/\/www.radiopresidenteibanez.cl\/web\/wp-json\/wp\/v2\/comments?post=33145"}],"version-history":[{"count":0,"href":"https:\/\/www.radiopresidenteibanez.cl\/web\/wp-json\/wp\/v2\/posts\/33145\/revisions"}],"wp:featuredmedia":[{"embeddable":true,"href":"https:\/\/www.radiopresidenteibanez.cl\/web\/wp-json\/wp\/v2\/media\/33146"}],"wp:attachment":[{"href":"https:\/\/www.radiopresidenteibanez.cl\/web\/wp-json\/wp\/v2\/media?parent=33145"}],"wp:term":[{"taxonomy":"category","embeddable":true,"href":"https:\/\/www.radiopresidenteibanez.cl\/web\/wp-json\/wp\/v2\/categories?post=33145"},{"taxonomy":"post_tag","embeddable":true,"href":"https:\/\/www.radiopresidenteibanez.cl\/web\/wp-json\/wp\/v2\/tags?post=33145"}],"curies":[{"name":"wp","href":"https:\/\/api.w.org\/{rel}","templated":true}]}}