{"id":33141,"date":"2022-10-03T15:49:00","date_gmt":"2022-10-03T18:49:00","guid":{"rendered":"https:\/\/www.radiopresidenteibanez.cl\/web\/?p=33141"},"modified":"2022-10-03T11:56:21","modified_gmt":"2022-10-03T14:56:21","slug":"pasantes-de-la-universidad-de-magallanes-valoran-experiencia-adquirida-en-aguas-magallanes","status":"publish","type":"post","link":"https:\/\/www.radiopresidenteibanez.cl\/web\/pasantes-de-la-universidad-de-magallanes-valoran-experiencia-adquirida-en-aguas-magallanes\/","title":{"rendered":"PASANTES DE LA UNIVERSIDAD DE MAGALLANES VALORAN EXPERIENCIA ADQUIRIDA EN AGUAS MAGALLANES"},"content":{"rendered":"\n<p>&nbsp;\u201cUn aspecto relevante que ha dejado la pandemia, ha sido la forma en que hemos tenido que relacionarnos. Hoy, el mundo intenta retomar de una u otra forma la normalidad, donde el autocuidado se hace fundamental. Si hacemos un zoom a las distintas realidades locales, hoy vemos con mayor detalle y valoramos con propiedad, el relacionamiento humano. En tal sentido, en Aguas Magallanes, adaptamos nuestro permanente v\u00ednculo presencial con la comunidad, juntas vecinales y estudiantes hacia un modo virtual durante el tiempo de pandemia\u201d, relata Karina Garc\u00eda Riquelme, jefa del departamento de Comunicaciones y Comunidad de la sanitaria, quien valora la posibilidad que han tenido seis estudiantes de la carrera de Trabajo Social de la Universidad de Magallanes, de realizar su pasant\u00eda dentro de una de las \u00e1reas que dirige.<\/p>\n\n\n\n<p>Enzo Seguel Albornoz, estudiante de tercer a\u00f1o, ingres\u00f3 a la universidad en un contexto de pandemia y reci\u00e9n este a\u00f1o ha podido continuar su carrera de manera presencial. \u201cRealizar mi pasant\u00eda en Aguas Magallanes me ha permitido compatibilizar mis conocimientos te\u00f3ricos y pr\u00e1cticos, poni\u00e9ndolos al servicio del bien com\u00fan, lo que ha provocado un progreso en mi formaci\u00f3n profesional, porque he podido adquirir herramientas y competencias tanto te\u00f3ricas como pr\u00e1cticas\u201d, destac\u00f3.<\/p>\n\n\n\n<p><a>El trabajo en terreno, entregando apoyo a dirigentes de organizaciones sociales en la formulaci\u00f3n de proyectos para postular al Fondo Concursable Aguas Magallanes 2022, entre otros aspectos, han sido parte de esta importante etapa de aprendizaje.<\/a><\/p>\n\n\n\n<p>Para Karina Gallardo Naiman, tambi\u00e9n estudiante de tercer a\u00f1o de Trabajo Social, el proceso de pasant\u00eda en Aguas Magallanes, le ha permitido mirar y valorar desde otra perspectiva el trabajo y el rol de los dirigentes sociales dentro de sus comunidades, seg\u00fan indic\u00f3, \u201cgenerando transformaciones en sus realidades y atendiendo las necesidades de los vecinos\u201d.<\/p>\n\n\n\n<p>Yasna Cacabelos, supervisora de pr\u00e1ctica de la Universidad de Magallanes, valor\u00f3 la posibilidad que brind\u00f3 Aguas Magallanes, para que las y los estudiantes pudieran conocer experiencias como la que desarrolla la compa\u00f1\u00eda, por ejemplo, con su Fondo de Desarrollo Comunitario, que va muy de la mano del tema territorial, situaciones y realidades de las juntas vecinales, apunt\u00f3.<\/p>\n\n\n\n<p>\u201cEl apoyo de los estudiantes en nuestras tareas diarias, sumado al conocimiento y experiencia adquirida, tanto de las \u00e1reas de producci\u00f3n y depuraci\u00f3n, como de Comunicaciones y Comunidad, sin duda dar\u00e1 como resultado un gran aprendizaje para todas las partes involucradas\u201d, concluy\u00f3 Karina Garc\u00eda Riquelme.<\/p>\n","protected":false},"excerpt":{"rendered":"<p>&nbsp;\u201cUn aspecto relevante que ha dejado la pandemia, ha sido la forma en que hemos tenido que relacionarnos. Hoy, el mundo intenta retomar de una u otra forma la normalidad,&#8230; <a class=\"read-more\" href=\"https:\/\/www.radiopresidenteibanez.cl\/web\/pasantes-de-la-universidad-de-magallanes-valoran-experiencia-adquirida-en-aguas-magallanes\/\">Leer m\u00e1s<\/a><\/p>\n","protected":false},"author":2,"featured_media":33142,"comment_status":"closed","ping_status":"closed","sticky":false,"template":"","format":"standard","meta":{"footnotes":""},"categories":[1],"tags":[],"class_list":["post-33141","post","type-post","status-publish","format-standard","has-post-thumbnail","hentry","category-cronica"],"_links":{"self":[{"href":"https:\/\/www.radiopresidenteibanez.cl\/web\/wp-json\/wp\/v2\/posts\/33141","targetHints":{"allow":["GET"]}}],"collection":[{"href":"https:\/\/www.radiopresidenteibanez.cl\/web\/wp-json\/wp\/v2\/posts"}],"about":[{"href":"https:\/\/www.radiopresidenteibanez.cl\/web\/wp-json\/wp\/v2\/types\/post"}],"author":[{"embeddable":true,"href":"https:\/\/www.radiopresidenteibanez.cl\/web\/wp-json\/wp\/v2\/users\/2"}],"replies":[{"embeddable":true,"href":"https:\/\/www.radiopresidenteibanez.cl\/web\/wp-json\/wp\/v2\/comments?post=33141"}],"version-history":[{"count":0,"href":"https:\/\/www.radiopresidenteibanez.cl\/web\/wp-json\/wp\/v2\/posts\/33141\/revisions"}],"wp:featuredmedia":[{"embeddable":true,"href":"https:\/\/www.radiopresidenteibanez.cl\/web\/wp-json\/wp\/v2\/media\/33142"}],"wp:attachment":[{"href":"https:\/\/www.radiopresidenteibanez.cl\/web\/wp-json\/wp\/v2\/media?parent=33141"}],"wp:term":[{"taxonomy":"category","embeddable":true,"href":"https:\/\/www.radiopresidenteibanez.cl\/web\/wp-json\/wp\/v2\/categories?post=33141"},{"taxonomy":"post_tag","embeddable":true,"href":"https:\/\/www.radiopresidenteibanez.cl\/web\/wp-json\/wp\/v2\/tags?post=33141"}],"curies":[{"name":"wp","href":"https:\/\/api.w.org\/{rel}","templated":true}]}}